{"id":7037,"date":"2023-05-01T20:55:16","date_gmt":"2023-05-01T20:55:16","guid":{"rendered":"https:\/\/cnsb.pt\/?p=7037"},"modified":"2023-05-01T21:10:35","modified_gmt":"2023-05-01T21:10:35","slug":"pelos-caminhos-da-se-ate-a-igreja-de-santa-clara","status":"publish","type":"post","link":"https:\/\/cnsb.pt\/?p=7037","title":{"rendered":"Pelos caminhos da S\u00e9 at\u00e9 \u00e0 Igreja de Santa Clara"},"content":{"rendered":"\t\t<div data-elementor-type=\"wp-post\" data-elementor-id=\"7037\" class=\"elementor elementor-7037\">\n\t\t\t\t\t\t\t\t\t<section class=\"elementor-section elementor-top-section elementor-element elementor-element-f4df115 elementor-section-boxed elementor-section-height-default elementor-section-height-default\" data-id=\"f4df115\" data-element_type=\"section\">\n\t\t\t\t\t\t<div class=\"elementor-container elementor-column-gap-default\">\n\t\t\t\t\t<div class=\"elementor-column elementor-col-25 elementor-top-column elementor-element elementor-element-3637d6d\" data-id=\"3637d6d\" data-element_type=\"column\">\n\t\t\t<div class=\"elementor-widget-wrap elementor-element-populated\">\n\t\t\t\t\t\t\t\t<div class=\"elementor-element elementor-element-a504648 elementor-widget elementor-widget-image\" data-id=\"a504648\" data-element_type=\"widget\" data-widget_type=\"image.default\">\n\t\t\t\t<div class=\"elementor-widget-container\">\n\t\t\t<style>\/*! elementor - v3.7.6 - 15-09-2022 *\/\n.elementor-widget-image{text-align:center}.elementor-widget-image a{display:inline-block}.elementor-widget-image a img[src$=\".svg\"]{width:48px}.elementor-widget-image img{vertical-align:middle;display:inline-block}<\/style>\t\t\t\t\t\t\t\t\t\t\t\t<img loading=\"lazy\" decoding=\"async\" width=\"768\" height=\"1024\" src=\"https:\/\/cnsb.pt\/wp-content\/uploads\/2023\/05\/Sta-Clara-768x1024.jpg\" class=\"attachment-large size-large\" alt=\"\" srcset=\"https:\/\/cnsb.pt\/wp-content\/uploads\/2023\/05\/Sta-Clara-768x1024.jpg 768w, https:\/\/cnsb.pt\/wp-content\/uploads\/2023\/05\/Sta-Clara-225x300.jpg 225w, https:\/\/cnsb.pt\/wp-content\/uploads\/2023\/05\/Sta-Clara-1152x1536.jpg 1152w, https:\/\/cnsb.pt\/wp-content\/uploads\/2023\/05\/Sta-Clara-1536x2048.jpg 1536w, https:\/\/cnsb.pt\/wp-content\/uploads\/2023\/05\/Sta-Clara-scaled.jpg 1920w\" sizes=\"auto, (max-width: 768px) 100vw, 768px\" \/>\t\t\t\t\t\t\t\t\t\t\t\t\t\t\t<\/div>\n\t\t\t\t<\/div>\n\t\t\t\t\t<\/div>\n\t\t<\/div>\n\t\t\t\t<div class=\"elementor-column elementor-col-25 elementor-top-column elementor-element elementor-element-6a94cf7\" data-id=\"6a94cf7\" data-element_type=\"column\">\n\t\t\t<div class=\"elementor-widget-wrap elementor-element-populated\">\n\t\t\t\t\t\t\t\t<div class=\"elementor-element elementor-element-6073aad elementor-widget elementor-widget-text-editor\" data-id=\"6073aad\" data-element_type=\"widget\" data-widget_type=\"text-editor.default\">\n\t\t\t\t<div class=\"elementor-widget-container\">\n\t\t\t<style>\/*! elementor - v3.7.6 - 15-09-2022 *\/\n.elementor-widget-text-editor.elementor-drop-cap-view-stacked .elementor-drop-cap{background-color:#818a91;color:#fff}.elementor-widget-text-editor.elementor-drop-cap-view-framed .elementor-drop-cap{color:#818a91;border:3px solid;background-color:transparent}.elementor-widget-text-editor:not(.elementor-drop-cap-view-default) .elementor-drop-cap{margin-top:8px}.elementor-widget-text-editor:not(.elementor-drop-cap-view-default) .elementor-drop-cap-letter{width:1em;height:1em}.elementor-widget-text-editor .elementor-drop-cap{float:left;text-align:center;line-height:1;font-size:50px}.elementor-widget-text-editor .elementor-drop-cap-letter{display:inline-block}<\/style>\t\t\t\t<p>No dia 27 de abril, os alunos do 11.\u00ba 3 aventuraram-se numa caminhada hist\u00f3rica pelos caminhos da S\u00e9 do Porto, sem deixarem de aprender mais sobre o Pa\u00e7o Episcopal, uma constru\u00e7\u00e3o do s\u00e9c. XII, baluarte da Reconquista. Dirigiram-se, depois, \u00e0 igreja de St.\u00aa Clara, onde se deslumbraram com um dos melhores exemplares da talha dourada, bem ao gosto do Barroco Joanino.&nbsp;<\/p>\n<p>Uma aula de Hist\u00f3ria em torno do patrim\u00f3nio arquitet\u00f3nico e art\u00edstico!<\/p>\t\t\t\t\t\t<\/div>\n\t\t\t\t<\/div>\n\t\t\t\t\t<\/div>\n\t\t<\/div>\n\t\t\t\t<div class=\"elementor-column elementor-col-25 elementor-top-column elementor-element elementor-element-0a888d8\" data-id=\"0a888d8\" data-element_type=\"column\">\n\t\t\t<div class=\"elementor-widget-wrap elementor-element-populated\">\n\t\t\t\t\t\t\t\t<div class=\"elementor-element elementor-element-16811fb elementor-widget elementor-widget-image\" data-id=\"16811fb\" data-element_type=\"widget\" data-widget_type=\"image.default\">\n\t\t\t\t<div class=\"elementor-widget-container\">\n\t\t\t\t\t\t\t\t\t\t\t\t\t\t\t<img loading=\"lazy\" decoding=\"async\" width=\"768\" height=\"1024\" src=\"https:\/\/cnsb.pt\/wp-content\/uploads\/2023\/05\/Se-do-Porto-1-768x1024.jpg\" class=\"attachment-large size-large\" alt=\"\" srcset=\"https:\/\/cnsb.pt\/wp-content\/uploads\/2023\/05\/Se-do-Porto-1-768x1024.jpg 768w, https:\/\/cnsb.pt\/wp-content\/uploads\/2023\/05\/Se-do-Porto-1-225x300.jpg 225w, https:\/\/cnsb.pt\/wp-content\/uploads\/2023\/05\/Se-do-Porto-1-1152x1536.jpg 1152w, https:\/\/cnsb.pt\/wp-content\/uploads\/2023\/05\/Se-do-Porto-1-1536x2048.jpg 1536w, https:\/\/cnsb.pt\/wp-content\/uploads\/2023\/05\/Se-do-Porto-1-scaled.jpg 1920w\" sizes=\"auto, (max-width: 768px) 100vw, 768px\" \/>\t\t\t\t\t\t\t\t\t\t\t\t\t\t\t<\/div>\n\t\t\t\t<\/div>\n\t\t\t\t\t<\/div>\n\t\t<\/div>\n\t\t\t\t<div class=\"elementor-column elementor-col-25 elementor-top-column elementor-element elementor-element-52d37f6\" data-id=\"52d37f6\" data-element_type=\"column\">\n\t\t\t<div class=\"elementor-widget-wrap elementor-element-populated\">\n\t\t\t\t\t\t\t\t<div class=\"elementor-element elementor-element-147632a elementor-widget elementor-widget-image\" data-id=\"147632a\" data-element_type=\"widget\" data-widget_type=\"image.default\">\n\t\t\t\t<div class=\"elementor-widget-container\">\n\t\t\t\t\t\t\t\t\t\t\t\t\t\t\t<img loading=\"lazy\" decoding=\"async\" width=\"768\" height=\"1024\" src=\"https:\/\/cnsb.pt\/wp-content\/uploads\/2023\/05\/Sta-Clara-II-768x1024.jpg\" class=\"attachment-large size-large\" alt=\"\" srcset=\"https:\/\/cnsb.pt\/wp-content\/uploads\/2023\/05\/Sta-Clara-II-768x1024.jpg 768w, https:\/\/cnsb.pt\/wp-content\/uploads\/2023\/05\/Sta-Clara-II-225x300.jpg 225w, https:\/\/cnsb.pt\/wp-content\/uploads\/2023\/05\/Sta-Clara-II-1152x1536.jpg 1152w, https:\/\/cnsb.pt\/wp-content\/uploads\/2023\/05\/Sta-Clara-II-1536x2048.jpg 1536w, https:\/\/cnsb.pt\/wp-content\/uploads\/2023\/05\/Sta-Clara-II-scaled.jpg 1920w\" sizes=\"auto, (max-width: 768px) 100vw, 768px\" \/>\t\t\t\t\t\t\t\t\t\t\t\t\t\t\t<\/div>\n\t\t\t\t<\/div>\n\t\t\t\t\t<\/div>\n\t\t<\/div>\n\t\t\t\t\t\t\t<\/div>\n\t\t<\/section>\n\t\t\t\t<section class=\"elementor-section elementor-top-section elementor-element elementor-element-627aa47 elementor-section-boxed elementor-section-height-default elementor-section-height-default\" data-id=\"627aa47\" data-element_type=\"section\">\n\t\t\t\t\t\t<div class=\"elementor-container elementor-column-gap-default\">\n\t\t\t\t\t<div class=\"elementor-column elementor-col-100 elementor-top-column elementor-element elementor-element-c45574d\" data-id=\"c45574d\" data-element_type=\"column\">\n\t\t\t<div class=\"elementor-widget-wrap elementor-element-populated\">\n\t\t\t\t\t\t\t\t<div class=\"elementor-element elementor-element-6d6d6c7 elementor-widget elementor-widget-copyright\" data-id=\"6d6d6c7\" data-element_type=\"widget\" data-settings=\"{&quot;align&quot;:&quot;center&quot;}\" data-widget_type=\"copyright.default\">\n\t\t\t\t<div class=\"elementor-widget-container\">\n\t\t\t\t\t<div class=\"hfe-copyright-wrapper\">\n\t\t\t\t\t\t\t<span>Copyright \u00a9 2026 Col\u00e9gio de Nossa Senhora da Bonan\u00e7a | Powered by Col\u00e9gio de Nossa Senhora da Bonan\u00e7a<\/span>\n\t\t\t\t\t<\/div>\n\t\t\t\t<\/div>\n\t\t\t\t<\/div>\n\t\t\t\t\t<\/div>\n\t\t<\/div>\n\t\t\t\t\t\t\t<\/div>\n\t\t<\/section>\n\t\t\t\t\t\t\t<\/div>\n\t\t","protected":false},"excerpt":{"rendered":"<p>No dia 27 de abril, os alunos do 11.\u00ba 3 aventuraram-se numa caminhada hist\u00f3rica pelos caminhos da S\u00e9 do Porto, sem deixarem de aprender mais sobre o Pa\u00e7o Episcopal, uma constru\u00e7\u00e3o do s\u00e9c. XII, baluarte da Reconquista. Dirigiram-se, depois, \u00e0 igreja de St.\u00aa Clara, onde se deslumbraram com um dos melhores exemplares da talha dourada, [&hellip;]<\/p>\n","protected":false},"author":9,"featured_media":7040,"comment_status":"closed","ping_status":"open","sticky":false,"template":"","format":"standard","meta":{"footnotes":""},"categories":[1],"tags":[],"class_list":["post-7037","post","type-post","status-publish","format-standard","has-post-thumbnail","hentry","category-noticias"],"_links":{"self":[{"href":"https:\/\/cnsb.pt\/index.php?rest_route=\/wp\/v2\/posts\/7037","targetHints":{"allow":["GET"]}}],"collection":[{"href":"https:\/\/cnsb.pt\/index.php?rest_route=\/wp\/v2\/posts"}],"about":[{"href":"https:\/\/cnsb.pt\/index.php?rest_route=\/wp\/v2\/types\/post"}],"author":[{"embeddable":true,"href":"https:\/\/cnsb.pt\/index.php?rest_route=\/wp\/v2\/users\/9"}],"replies":[{"embeddable":true,"href":"https:\/\/cnsb.pt\/index.php?rest_route=%2Fwp%2Fv2%2Fcomments&post=7037"}],"version-history":[{"count":7,"href":"https:\/\/cnsb.pt\/index.php?rest_route=\/wp\/v2\/posts\/7037\/revisions"}],"predecessor-version":[{"id":7048,"href":"https:\/\/cnsb.pt\/index.php?rest_route=\/wp\/v2\/posts\/7037\/revisions\/7048"}],"wp:featuredmedia":[{"embeddable":true,"href":"https:\/\/cnsb.pt\/index.php?rest_route=\/wp\/v2\/media\/7040"}],"wp:attachment":[{"href":"https:\/\/cnsb.pt\/index.php?rest_route=%2Fwp%2Fv2%2Fmedia&parent=7037"}],"wp:term":[{"taxonomy":"category","embeddable":true,"href":"https:\/\/cnsb.pt\/index.php?rest_route=%2Fwp%2Fv2%2Fcategories&post=7037"},{"taxonomy":"post_tag","embeddable":true,"href":"https:\/\/cnsb.pt\/index.php?rest_route=%2Fwp%2Fv2%2Ftags&post=7037"}],"curies":[{"name":"wp","href":"https:\/\/api.w.org\/{rel}","templated":true}]}}