{"id":6932,"date":"2023-04-21T14:15:48","date_gmt":"2023-04-21T14:15:48","guid":{"rendered":"https:\/\/cnsb.pt\/?p=6932"},"modified":"2023-04-21T14:22:12","modified_gmt":"2023-04-21T14:22:12","slug":"romanos-por-um-dia-2","status":"publish","type":"post","link":"https:\/\/cnsb.pt\/?p=6932","title":{"rendered":"Romanos por um dia"},"content":{"rendered":"\t\t<div data-elementor-type=\"wp-post\" data-elementor-id=\"6932\" class=\"elementor elementor-6932\">\n\t\t\t\t\t\t\t\t\t<section class=\"elementor-section elementor-top-section elementor-element elementor-element-15e2dc9 elementor-section-boxed elementor-section-height-default elementor-section-height-default\" data-id=\"15e2dc9\" data-element_type=\"section\">\n\t\t\t\t\t\t<div class=\"elementor-container elementor-column-gap-default\">\n\t\t\t\t\t<div class=\"elementor-column elementor-col-50 elementor-top-column elementor-element elementor-element-8822322\" data-id=\"8822322\" data-element_type=\"column\">\n\t\t\t<div class=\"elementor-widget-wrap elementor-element-populated\">\n\t\t\t\t\t\t\t\t<div class=\"elementor-element elementor-element-a229598 elementor-widget elementor-widget-image\" data-id=\"a229598\" data-element_type=\"widget\" data-widget_type=\"image.default\">\n\t\t\t\t<div class=\"elementor-widget-container\">\n\t\t\t<style>\/*! elementor - v3.7.6 - 15-09-2022 *\/\n.elementor-widget-image{text-align:center}.elementor-widget-image a{display:inline-block}.elementor-widget-image a img[src$=\".svg\"]{width:48px}.elementor-widget-image img{vertical-align:middle;display:inline-block}<\/style>\t\t\t\t\t\t\t\t\t\t\t\t<img loading=\"lazy\" decoding=\"async\" width=\"800\" height=\"600\" src=\"https:\/\/cnsb.pt\/wp-content\/uploads\/2023\/04\/Conimbriga-1-1024x768.jpg\" class=\"attachment-large size-large\" alt=\"\" srcset=\"https:\/\/cnsb.pt\/wp-content\/uploads\/2023\/04\/Conimbriga-1-1024x768.jpg 1024w, https:\/\/cnsb.pt\/wp-content\/uploads\/2023\/04\/Conimbriga-1-300x225.jpg 300w, https:\/\/cnsb.pt\/wp-content\/uploads\/2023\/04\/Conimbriga-1-768x576.jpg 768w, https:\/\/cnsb.pt\/wp-content\/uploads\/2023\/04\/Conimbriga-1-1536x1152.jpg 1536w, https:\/\/cnsb.pt\/wp-content\/uploads\/2023\/04\/Conimbriga-1.jpg 2000w\" sizes=\"auto, (max-width: 800px) 100vw, 800px\" \/>\t\t\t\t\t\t\t\t\t\t\t\t\t\t\t<\/div>\n\t\t\t\t<\/div>\n\t\t\t\t\t<\/div>\n\t\t<\/div>\n\t\t\t\t<div class=\"elementor-column elementor-col-50 elementor-top-column elementor-element elementor-element-376e7b9\" data-id=\"376e7b9\" data-element_type=\"column\">\n\t\t\t<div class=\"elementor-widget-wrap elementor-element-populated\">\n\t\t\t\t\t\t\t\t<div class=\"elementor-element elementor-element-291c31b elementor-widget elementor-widget-text-editor\" data-id=\"291c31b\" data-element_type=\"widget\" data-widget_type=\"text-editor.default\">\n\t\t\t\t<div class=\"elementor-widget-container\">\n\t\t\t<style>\/*! elementor - v3.7.6 - 15-09-2022 *\/\n.elementor-widget-text-editor.elementor-drop-cap-view-stacked .elementor-drop-cap{background-color:#818a91;color:#fff}.elementor-widget-text-editor.elementor-drop-cap-view-framed .elementor-drop-cap{color:#818a91;border:3px solid;background-color:transparent}.elementor-widget-text-editor:not(.elementor-drop-cap-view-default) .elementor-drop-cap{margin-top:8px}.elementor-widget-text-editor:not(.elementor-drop-cap-view-default) .elementor-drop-cap-letter{width:1em;height:1em}.elementor-widget-text-editor .elementor-drop-cap{float:left;text-align:center;line-height:1;font-size:50px}.elementor-widget-text-editor .elementor-drop-cap-letter{display:inline-block}<\/style>\t\t\t\t<div class=\"x_x_elementToProof\">A 19 de abril, as turmas do 7.\u00ba ano visitou o museu PO.RO.S (Portugal Romano em Sic\u00f3) e o Museu Monogr\u00e1fico de Con\u00edmbriga.\u00a0<\/div><div>\u00a0<\/div><div class=\"x_x_elementToProof\">Depois de j\u00e1 terem estudado a Civiliza\u00e7\u00e3o Romana, nas aulas de Hist\u00f3ria, foi chegado o dia de ficarem a conhecer alguns dos mais relevantes vest\u00edgios hist\u00f3ricos da presen\u00e7a romana em Portugal. Assi, f<span style=\"font-family: var( --e-global-typography-primary-font-family ), Sans-serif; font-size: var( --e-global-typography-primary-font-size ); font-weight: var( --e-global-typography-primary-font-weight );\">oi com entusiasmo que, num dia brindado pelo calor, os alunos puderam contactar\u00a0<\/span><i style=\"font-family: var( --e-global-typography-primary-font-family ), Sans-serif; font-size: var( --e-global-typography-primary-font-size ); font-weight: var( --e-global-typography-primary-font-weight );\">in loco<\/i><span style=\"font-family: var( --e-global-typography-primary-font-family ), Sans-serif; font-size: var( --e-global-typography-primary-font-size ); font-weight: var( --e-global-typography-primary-font-weight );\">\u00a0com o\u00a0<\/span><i style=\"font-family: var( --e-global-typography-primary-font-family ), Sans-serif; font-size: var( --e-global-typography-primary-font-size ); font-weight: var( --e-global-typography-primary-font-weight );\">modus vivendi<\/i><span style=\"font-family: var( --e-global-typography-primary-font-family ), Sans-serif; font-size: var( --e-global-typography-primary-font-size ); font-weight: var( --e-global-typography-primary-font-weight );\">\u00a0dos romanos.<\/span><br \/><span style=\"font-family: var( --e-global-typography-primary-font-family ), Sans-serif; font-size: var( --e-global-typography-primary-font-size ); font-weight: var( --e-global-typography-primary-font-weight );\"><br \/><\/span><\/div><div class=\"x_x_elementToProof\">Os discentes fizeram jus ao lema &#8220;Em Roma s\u00ea romano&#8221;!<\/div><div class=\"x_x_elementToProof\">\u00a0<\/div>\t\t\t\t\t\t<\/div>\n\t\t\t\t<\/div>\n\t\t\t\t\t<\/div>\n\t\t<\/div>\n\t\t\t\t\t\t\t<\/div>\n\t\t<\/section>\n\t\t\t\t<section class=\"elementor-section elementor-top-section elementor-element elementor-element-d053f39 elementor-section-boxed elementor-section-height-default elementor-section-height-default\" data-id=\"d053f39\" data-element_type=\"section\">\n\t\t\t\t\t\t<div class=\"elementor-container elementor-column-gap-default\">\n\t\t\t\t\t<div class=\"elementor-column elementor-col-100 elementor-top-column elementor-element elementor-element-dbf6d4a\" data-id=\"dbf6d4a\" data-element_type=\"column\">\n\t\t\t<div class=\"elementor-widget-wrap elementor-element-populated\">\n\t\t\t\t\t\t\t\t<div class=\"elementor-element elementor-element-56ce4ac elementor-widget elementor-widget-copyright\" data-id=\"56ce4ac\" data-element_type=\"widget\" data-settings=\"{&quot;align&quot;:&quot;center&quot;}\" data-widget_type=\"copyright.default\">\n\t\t\t\t<div class=\"elementor-widget-container\">\n\t\t\t\t\t<div class=\"hfe-copyright-wrapper\">\n\t\t\t\t\t\t\t<span>Copyright \u00a9 2026 Col\u00e9gio de Nossa Senhora da Bonan\u00e7a | Powered by Col\u00e9gio de Nossa Senhora da Bonan\u00e7a<\/span>\n\t\t\t\t\t<\/div>\n\t\t\t\t<\/div>\n\t\t\t\t<\/div>\n\t\t\t\t\t<\/div>\n\t\t<\/div>\n\t\t\t\t\t\t\t<\/div>\n\t\t<\/section>\n\t\t\t\t\t\t\t<\/div>\n\t\t","protected":false},"excerpt":{"rendered":"<p>A 19 de abril, as turmas do 7.\u00ba ano visitou o museu PO.RO.S (Portugal Romano em Sic\u00f3) e o Museu Monogr\u00e1fico de Con\u00edmbriga.\u00a0\u00a0Depois de j\u00e1 terem estudado a Civiliza\u00e7\u00e3o Romana, nas aulas de Hist\u00f3ria, foi chegado o dia de ficarem a conhecer alguns dos mais relevantes vest\u00edgios hist\u00f3ricos da presen\u00e7a romana em Portugal. Assi, foi [&hellip;]<\/p>\n","protected":false},"author":9,"featured_media":6933,"comment_status":"closed","ping_status":"open","sticky":false,"template":"","format":"standard","meta":{"footnotes":""},"categories":[1],"tags":[],"class_list":["post-6932","post","type-post","status-publish","format-standard","has-post-thumbnail","hentry","category-noticias"],"_links":{"self":[{"href":"https:\/\/cnsb.pt\/index.php?rest_route=\/wp\/v2\/posts\/6932","targetHints":{"allow":["GET"]}}],"collection":[{"href":"https:\/\/cnsb.pt\/index.php?rest_route=\/wp\/v2\/posts"}],"about":[{"href":"https:\/\/cnsb.pt\/index.php?rest_route=\/wp\/v2\/types\/post"}],"author":[{"embeddable":true,"href":"https:\/\/cnsb.pt\/index.php?rest_route=\/wp\/v2\/users\/9"}],"replies":[{"embeddable":true,"href":"https:\/\/cnsb.pt\/index.php?rest_route=%2Fwp%2Fv2%2Fcomments&post=6932"}],"version-history":[{"count":4,"href":"https:\/\/cnsb.pt\/index.php?rest_route=\/wp\/v2\/posts\/6932\/revisions"}],"predecessor-version":[{"id":6938,"href":"https:\/\/cnsb.pt\/index.php?rest_route=\/wp\/v2\/posts\/6932\/revisions\/6938"}],"wp:featuredmedia":[{"embeddable":true,"href":"https:\/\/cnsb.pt\/index.php?rest_route=\/wp\/v2\/media\/6933"}],"wp:attachment":[{"href":"https:\/\/cnsb.pt\/index.php?rest_route=%2Fwp%2Fv2%2Fmedia&parent=6932"}],"wp:term":[{"taxonomy":"category","embeddable":true,"href":"https:\/\/cnsb.pt\/index.php?rest_route=%2Fwp%2Fv2%2Fcategories&post=6932"},{"taxonomy":"post_tag","embeddable":true,"href":"https:\/\/cnsb.pt\/index.php?rest_route=%2Fwp%2Fv2%2Ftags&post=6932"}],"curies":[{"name":"wp","href":"https:\/\/api.w.org\/{rel}","templated":true}]}}