{"id":6675,"date":"2023-03-15T17:59:34","date_gmt":"2023-03-15T17:59:34","guid":{"rendered":"https:\/\/cnsb.pt\/?p=6675"},"modified":"2023-03-15T18:11:22","modified_gmt":"2023-03-15T18:11:22","slug":"cnsb-presente","status":"publish","type":"post","link":"https:\/\/cnsb.pt\/?p=6675","title":{"rendered":"&#8211; CNSB?    Presente!"},"content":{"rendered":"\t\t<div data-elementor-type=\"wp-post\" data-elementor-id=\"6675\" class=\"elementor elementor-6675\">\n\t\t\t\t\t\t\t\t\t<section class=\"elementor-section elementor-top-section elementor-element elementor-element-a99aa6a elementor-section-boxed elementor-section-height-default elementor-section-height-default\" data-id=\"a99aa6a\" data-element_type=\"section\">\n\t\t\t\t\t\t<div class=\"elementor-container elementor-column-gap-default\">\n\t\t\t\t\t<div class=\"elementor-column elementor-col-33 elementor-top-column elementor-element elementor-element-a3b9140\" data-id=\"a3b9140\" data-element_type=\"column\">\n\t\t\t<div class=\"elementor-widget-wrap elementor-element-populated\">\n\t\t\t\t\t\t\t\t<div class=\"elementor-element elementor-element-567f850 elementor-widget elementor-widget-image\" data-id=\"567f850\" data-element_type=\"widget\" data-widget_type=\"image.default\">\n\t\t\t\t<div class=\"elementor-widget-container\">\n\t\t\t<style>\/*! elementor - v3.7.6 - 15-09-2022 *\/\n.elementor-widget-image{text-align:center}.elementor-widget-image a{display:inline-block}.elementor-widget-image a img[src$=\".svg\"]{width:48px}.elementor-widget-image img{vertical-align:middle;display:inline-block}<\/style>\t\t\t\t\t\t\t\t\t\t\t\t<img loading=\"lazy\" decoding=\"async\" width=\"768\" height=\"1024\" src=\"https:\/\/cnsb.pt\/wp-content\/uploads\/2023\/03\/902b9b82-64dc-420b-bcb2-04b48635838c-768x1024.jpg\" class=\"attachment-large size-large\" alt=\"\" srcset=\"https:\/\/cnsb.pt\/wp-content\/uploads\/2023\/03\/902b9b82-64dc-420b-bcb2-04b48635838c-768x1024.jpg 768w, https:\/\/cnsb.pt\/wp-content\/uploads\/2023\/03\/902b9b82-64dc-420b-bcb2-04b48635838c-225x300.jpg 225w, https:\/\/cnsb.pt\/wp-content\/uploads\/2023\/03\/902b9b82-64dc-420b-bcb2-04b48635838c.jpg 886w\" sizes=\"auto, (max-width: 768px) 100vw, 768px\" \/>\t\t\t\t\t\t\t\t\t\t\t\t\t\t\t<\/div>\n\t\t\t\t<\/div>\n\t\t\t\t\t<\/div>\n\t\t<\/div>\n\t\t\t\t<div class=\"elementor-column elementor-col-66 elementor-top-column elementor-element elementor-element-b97a0f6\" data-id=\"b97a0f6\" data-element_type=\"column\">\n\t\t\t<div class=\"elementor-widget-wrap elementor-element-populated\">\n\t\t\t\t\t\t\t\t<div class=\"elementor-element elementor-element-96fd0a1 elementor-widget elementor-widget-text-editor\" data-id=\"96fd0a1\" data-element_type=\"widget\" data-widget_type=\"text-editor.default\">\n\t\t\t\t<div class=\"elementor-widget-container\">\n\t\t\t<style>\/*! elementor - v3.7.6 - 15-09-2022 *\/\n.elementor-widget-text-editor.elementor-drop-cap-view-stacked .elementor-drop-cap{background-color:#818a91;color:#fff}.elementor-widget-text-editor.elementor-drop-cap-view-framed .elementor-drop-cap{color:#818a91;border:3px solid;background-color:transparent}.elementor-widget-text-editor:not(.elementor-drop-cap-view-default) .elementor-drop-cap{margin-top:8px}.elementor-widget-text-editor:not(.elementor-drop-cap-view-default) .elementor-drop-cap-letter{width:1em;height:1em}.elementor-widget-text-editor .elementor-drop-cap{float:left;text-align:center;line-height:1;font-size:50px}.elementor-widget-text-editor .elementor-drop-cap-letter{display:inline-block}<\/style>\t\t\t\t<p>O paradigma educacional est\u00e1 em mudan\u00e7a, tendo-se transformado a forma como aprendemos, o que aprendemos e onde aprendemos.<\/p><p>O acesso e uso crescente da tecnologia e de conectividade t\u00eam contribu\u00eddo para essa mudan\u00e7a.<\/p><p>Neste cen\u00e1rio, a Universidade de Coimbra colocou em di\u00e1logo os diversos <em>stakeholders<\/em>\u00a0da \u00e1rea da Educa\u00e7\u00e3o.<\/p><p>A\u00a0<strong>EdTech Summit Portugal <\/strong>realizou-se nos dias 10 e 11 de mar\u00e7o e o CNSB marcou presen\u00e7a. Foi um espa\u00e7o de reflex\u00e3o sobre educa\u00e7\u00e3o, partilha de experi\u00eancias inspiradoras e mostra de tecnologias aplicadas \u00e0 educa\u00e7\u00e3o.<\/p><ul><li>Desmaterializa\u00e7\u00e3o da Escola &#8211; manuais digitais;<\/li><li>Processos criativos;<\/li><li>Economia circular do conhecimento;<\/li><li>Projetos Europeus;<\/li><li>Inova\u00e7\u00e3o Pedag\u00f3gica;<\/li><li>Realidade virtual;<\/li><li><em>Soft skills<\/em> em educa\u00e7\u00e3o;<\/li><li>Interdisciplinaridade;<\/li><li>Literatura e tecnologia.<\/li><\/ul><p>Estes foram os principais eixos de an\u00e1lise e debate, que nos ajudar\u00e3o a potenciar o trabalho que j\u00e1 desenvolvemos com os nossos alunos.<\/p>\t\t\t\t\t\t<\/div>\n\t\t\t\t<\/div>\n\t\t\t\t\t<\/div>\n\t\t<\/div>\n\t\t\t\t\t\t\t<\/div>\n\t\t<\/section>\n\t\t\t\t<section class=\"elementor-section elementor-top-section elementor-element elementor-element-01fb3e3 elementor-section-boxed elementor-section-height-default elementor-section-height-default\" data-id=\"01fb3e3\" data-element_type=\"section\">\n\t\t\t\t\t\t<div class=\"elementor-container elementor-column-gap-default\">\n\t\t\t\t\t<div class=\"elementor-column elementor-col-100 elementor-top-column elementor-element elementor-element-9db1b97\" data-id=\"9db1b97\" data-element_type=\"column\">\n\t\t\t<div class=\"elementor-widget-wrap elementor-element-populated\">\n\t\t\t\t\t\t\t\t<div class=\"elementor-element elementor-element-692d020 elementor-widget elementor-widget-copyright\" data-id=\"692d020\" data-element_type=\"widget\" data-settings=\"{&quot;align&quot;:&quot;center&quot;}\" data-widget_type=\"copyright.default\">\n\t\t\t\t<div class=\"elementor-widget-container\">\n\t\t\t\t\t<div class=\"hfe-copyright-wrapper\">\n\t\t\t\t\t\t\t<span>Copyright \u00a9 2026 Col\u00e9gio de Nossa Senhora da Bonan\u00e7a | Powered by Col\u00e9gio de Nossa Senhora da Bonan\u00e7a<\/span>\n\t\t\t\t\t<\/div>\n\t\t\t\t<\/div>\n\t\t\t\t<\/div>\n\t\t\t\t\t<\/div>\n\t\t<\/div>\n\t\t\t\t\t\t\t<\/div>\n\t\t<\/section>\n\t\t\t\t\t\t\t<\/div>\n\t\t","protected":false},"excerpt":{"rendered":"<p>O paradigma educacional est\u00e1 em mudan\u00e7a, tendo-se transformado a forma como aprendemos, o que aprendemos e onde aprendemos. O acesso e uso crescente da tecnologia e de conectividade t\u00eam contribu\u00eddo para essa mudan\u00e7a. Neste cen\u00e1rio, a Universidade de Coimbra colocou em di\u00e1logo os diversos stakeholders\u00a0da \u00e1rea da Educa\u00e7\u00e3o. A\u00a0EdTech Summit Portugal realizou-se nos dias 10 [&hellip;]<\/p>\n","protected":false},"author":9,"featured_media":6676,"comment_status":"closed","ping_status":"open","sticky":false,"template":"","format":"standard","meta":{"footnotes":""},"categories":[1],"tags":[],"class_list":["post-6675","post","type-post","status-publish","format-standard","has-post-thumbnail","hentry","category-noticias"],"_links":{"self":[{"href":"https:\/\/cnsb.pt\/index.php?rest_route=\/wp\/v2\/posts\/6675","targetHints":{"allow":["GET"]}}],"collection":[{"href":"https:\/\/cnsb.pt\/index.php?rest_route=\/wp\/v2\/posts"}],"about":[{"href":"https:\/\/cnsb.pt\/index.php?rest_route=\/wp\/v2\/types\/post"}],"author":[{"embeddable":true,"href":"https:\/\/cnsb.pt\/index.php?rest_route=\/wp\/v2\/users\/9"}],"replies":[{"embeddable":true,"href":"https:\/\/cnsb.pt\/index.php?rest_route=%2Fwp%2Fv2%2Fcomments&post=6675"}],"version-history":[{"count":8,"href":"https:\/\/cnsb.pt\/index.php?rest_route=\/wp\/v2\/posts\/6675\/revisions"}],"predecessor-version":[{"id":6685,"href":"https:\/\/cnsb.pt\/index.php?rest_route=\/wp\/v2\/posts\/6675\/revisions\/6685"}],"wp:featuredmedia":[{"embeddable":true,"href":"https:\/\/cnsb.pt\/index.php?rest_route=\/wp\/v2\/media\/6676"}],"wp:attachment":[{"href":"https:\/\/cnsb.pt\/index.php?rest_route=%2Fwp%2Fv2%2Fmedia&parent=6675"}],"wp:term":[{"taxonomy":"category","embeddable":true,"href":"https:\/\/cnsb.pt\/index.php?rest_route=%2Fwp%2Fv2%2Fcategories&post=6675"},{"taxonomy":"post_tag","embeddable":true,"href":"https:\/\/cnsb.pt\/index.php?rest_route=%2Fwp%2Fv2%2Ftags&post=6675"}],"curies":[{"name":"wp","href":"https:\/\/api.w.org\/{rel}","templated":true}]}}