{"id":6625,"date":"2023-03-09T13:56:30","date_gmt":"2023-03-09T13:56:30","guid":{"rendered":"https:\/\/cnsb.pt\/?p=6625"},"modified":"2023-03-09T14:00:38","modified_gmt":"2023-03-09T14:00:38","slug":"o-marques-de-pombal-na-sala-de-aula","status":"publish","type":"post","link":"https:\/\/cnsb.pt\/?p=6625","title":{"rendered":"O Marqu\u00eas de Pombal na sala de aula"},"content":{"rendered":"\t\t<div data-elementor-type=\"wp-post\" data-elementor-id=\"6625\" class=\"elementor elementor-6625\">\n\t\t\t\t\t\t\t\t\t<section class=\"elementor-section elementor-top-section elementor-element elementor-element-c8a41c7 elementor-section-boxed elementor-section-height-default elementor-section-height-default\" data-id=\"c8a41c7\" data-element_type=\"section\">\n\t\t\t\t\t\t<div class=\"elementor-container elementor-column-gap-default\">\n\t\t\t\t\t<div class=\"elementor-column elementor-col-66 elementor-top-column elementor-element elementor-element-abe979b\" data-id=\"abe979b\" data-element_type=\"column\">\n\t\t\t<div class=\"elementor-widget-wrap elementor-element-populated\">\n\t\t\t\t\t\t\t\t<div class=\"elementor-element elementor-element-7d06eea elementor-widget elementor-widget-image\" data-id=\"7d06eea\" data-element_type=\"widget\" data-widget_type=\"image.default\">\n\t\t\t\t<div class=\"elementor-widget-container\">\n\t\t\t<style>\/*! elementor - v3.7.6 - 15-09-2022 *\/\n.elementor-widget-image{text-align:center}.elementor-widget-image a{display:inline-block}.elementor-widget-image a img[src$=\".svg\"]{width:48px}.elementor-widget-image img{vertical-align:middle;display:inline-block}<\/style>\t\t\t\t\t\t\t\t\t\t\t\t<img loading=\"lazy\" decoding=\"async\" width=\"800\" height=\"600\" src=\"https:\/\/cnsb.pt\/wp-content\/uploads\/2023\/03\/image-2-1024x768.png\" class=\"attachment-large size-large\" alt=\"\" srcset=\"https:\/\/cnsb.pt\/wp-content\/uploads\/2023\/03\/image-2-1024x768.png 1024w, https:\/\/cnsb.pt\/wp-content\/uploads\/2023\/03\/image-2-300x225.png 300w, https:\/\/cnsb.pt\/wp-content\/uploads\/2023\/03\/image-2-768x576.png 768w, https:\/\/cnsb.pt\/wp-content\/uploads\/2023\/03\/image-2-1536x1152.png 1536w, https:\/\/cnsb.pt\/wp-content\/uploads\/2023\/03\/image-2.png 2000w\" sizes=\"auto, (max-width: 800px) 100vw, 800px\" \/>\t\t\t\t\t\t\t\t\t\t\t\t\t\t\t<\/div>\n\t\t\t\t<\/div>\n\t\t\t\t\t<\/div>\n\t\t<\/div>\n\t\t\t\t<div class=\"elementor-column elementor-col-33 elementor-top-column elementor-element elementor-element-a45044f\" data-id=\"a45044f\" data-element_type=\"column\">\n\t\t\t<div class=\"elementor-widget-wrap elementor-element-populated\">\n\t\t\t\t\t\t\t\t<div class=\"elementor-element elementor-element-e83c56e elementor-widget elementor-widget-text-editor\" data-id=\"e83c56e\" data-element_type=\"widget\" data-widget_type=\"text-editor.default\">\n\t\t\t\t<div class=\"elementor-widget-container\">\n\t\t\t<style>\/*! elementor - v3.7.6 - 15-09-2022 *\/\n.elementor-widget-text-editor.elementor-drop-cap-view-stacked .elementor-drop-cap{background-color:#818a91;color:#fff}.elementor-widget-text-editor.elementor-drop-cap-view-framed .elementor-drop-cap{color:#818a91;border:3px solid;background-color:transparent}.elementor-widget-text-editor:not(.elementor-drop-cap-view-default) .elementor-drop-cap{margin-top:8px}.elementor-widget-text-editor:not(.elementor-drop-cap-view-default) .elementor-drop-cap-letter{width:1em;height:1em}.elementor-widget-text-editor .elementor-drop-cap{float:left;text-align:center;line-height:1;font-size:50px}.elementor-widget-text-editor .elementor-drop-cap-letter{display:inline-block}<\/style>\t\t\t\t<p>Nos dias 8 e 9 de mar\u00e7o, o Marqu\u00eas de Pombal irrompeu nas salas das turmas do 8.\u00ba ano.<\/p><p>Atrav\u00e9s de dramatiza\u00e7\u00f5es e can\u00e7\u00f5es, deu a conhecer a sua biografia e as reformas empreendidas nos campos pol\u00edtico, social, cultural e econ\u00f3mico no s\u00e9culo XVIII. Era, ent\u00e3o, Secret\u00e1rio de Estado dos Neg\u00f3cios Estrangeiros do Reino e, mais tarde, ministro do rei absoluto D. Jos\u00e9 I.<\/p><p>Os alunos corresponderam aos desafios lan\u00e7ados, participando em todas as atividades propostas. Uma aula de Hist\u00f3ria viva! \ud83d\ude42<\/p>\t\t\t\t\t\t<\/div>\n\t\t\t\t<\/div>\n\t\t\t\t\t<\/div>\n\t\t<\/div>\n\t\t\t\t\t\t\t<\/div>\n\t\t<\/section>\n\t\t\t\t<section class=\"elementor-section elementor-top-section elementor-element elementor-element-957ecc5 elementor-section-boxed elementor-section-height-default elementor-section-height-default\" data-id=\"957ecc5\" data-element_type=\"section\">\n\t\t\t\t\t\t<div class=\"elementor-container elementor-column-gap-default\">\n\t\t\t\t\t<div class=\"elementor-column elementor-col-100 elementor-top-column elementor-element elementor-element-bab728f\" data-id=\"bab728f\" data-element_type=\"column\">\n\t\t\t<div class=\"elementor-widget-wrap elementor-element-populated\">\n\t\t\t\t\t\t\t\t<div class=\"elementor-element elementor-element-854e410 elementor-widget elementor-widget-copyright\" data-id=\"854e410\" data-element_type=\"widget\" data-settings=\"{&quot;align&quot;:&quot;center&quot;}\" data-widget_type=\"copyright.default\">\n\t\t\t\t<div class=\"elementor-widget-container\">\n\t\t\t\t\t<div class=\"hfe-copyright-wrapper\">\n\t\t\t\t\t\t\t<span>Copyright \u00a9 2026 Col\u00e9gio de Nossa Senhora da Bonan\u00e7a | Powered by Col\u00e9gio de Nossa Senhora da Bonan\u00e7a<\/span>\n\t\t\t\t\t<\/div>\n\t\t\t\t<\/div>\n\t\t\t\t<\/div>\n\t\t\t\t\t<\/div>\n\t\t<\/div>\n\t\t\t\t\t\t\t<\/div>\n\t\t<\/section>\n\t\t\t\t\t\t\t<\/div>\n\t\t","protected":false},"excerpt":{"rendered":"<p>Nos dias 8 e 9 de mar\u00e7o, o Marqu\u00eas de Pombal irrompeu nas salas das turmas do 8.\u00ba ano. Atrav\u00e9s de dramatiza\u00e7\u00f5es e can\u00e7\u00f5es, deu a conhecer a sua biografia e as reformas empreendidas nos campos pol\u00edtico, social, cultural e econ\u00f3mico no s\u00e9culo XVIII. Era, ent\u00e3o, Secret\u00e1rio de Estado dos Neg\u00f3cios Estrangeiros do Reino e, [&hellip;]<\/p>\n","protected":false},"author":9,"featured_media":6626,"comment_status":"closed","ping_status":"open","sticky":false,"template":"","format":"standard","meta":{"footnotes":""},"categories":[1],"tags":[],"class_list":["post-6625","post","type-post","status-publish","format-standard","has-post-thumbnail","hentry","category-noticias"],"_links":{"self":[{"href":"https:\/\/cnsb.pt\/index.php?rest_route=\/wp\/v2\/posts\/6625","targetHints":{"allow":["GET"]}}],"collection":[{"href":"https:\/\/cnsb.pt\/index.php?rest_route=\/wp\/v2\/posts"}],"about":[{"href":"https:\/\/cnsb.pt\/index.php?rest_route=\/wp\/v2\/types\/post"}],"author":[{"embeddable":true,"href":"https:\/\/cnsb.pt\/index.php?rest_route=\/wp\/v2\/users\/9"}],"replies":[{"embeddable":true,"href":"https:\/\/cnsb.pt\/index.php?rest_route=%2Fwp%2Fv2%2Fcomments&post=6625"}],"version-history":[{"count":4,"href":"https:\/\/cnsb.pt\/index.php?rest_route=\/wp\/v2\/posts\/6625\/revisions"}],"predecessor-version":[{"id":6631,"href":"https:\/\/cnsb.pt\/index.php?rest_route=\/wp\/v2\/posts\/6625\/revisions\/6631"}],"wp:featuredmedia":[{"embeddable":true,"href":"https:\/\/cnsb.pt\/index.php?rest_route=\/wp\/v2\/media\/6626"}],"wp:attachment":[{"href":"https:\/\/cnsb.pt\/index.php?rest_route=%2Fwp%2Fv2%2Fmedia&parent=6625"}],"wp:term":[{"taxonomy":"category","embeddable":true,"href":"https:\/\/cnsb.pt\/index.php?rest_route=%2Fwp%2Fv2%2Fcategories&post=6625"},{"taxonomy":"post_tag","embeddable":true,"href":"https:\/\/cnsb.pt\/index.php?rest_route=%2Fwp%2Fv2%2Ftags&post=6625"}],"curies":[{"name":"wp","href":"https:\/\/api.w.org\/{rel}","templated":true}]}}