{"id":6602,"date":"2023-03-03T12:13:23","date_gmt":"2023-03-03T12:13:23","guid":{"rendered":"https:\/\/cnsb.pt\/?p=6602"},"modified":"2023-03-03T12:16:34","modified_gmt":"2023-03-03T12:16:34","slug":"viagens-culturais","status":"publish","type":"post","link":"https:\/\/cnsb.pt\/?p=6602","title":{"rendered":"Viagens Culturais"},"content":{"rendered":"\t\t<div data-elementor-type=\"wp-post\" data-elementor-id=\"6602\" class=\"elementor elementor-6602\">\n\t\t\t\t\t\t\t\t\t<section class=\"elementor-section elementor-top-section elementor-element elementor-element-0f37c28 elementor-section-boxed elementor-section-height-default elementor-section-height-default\" data-id=\"0f37c28\" data-element_type=\"section\">\n\t\t\t\t\t\t<div class=\"elementor-container elementor-column-gap-default\">\n\t\t\t\t\t<div class=\"elementor-column elementor-col-100 elementor-top-column elementor-element elementor-element-847955f\" data-id=\"847955f\" data-element_type=\"column\">\n\t\t\t<div class=\"elementor-widget-wrap elementor-element-populated\">\n\t\t\t\t\t\t\t\t<div class=\"elementor-element elementor-element-e21c947 elementor-widget elementor-widget-text-editor\" data-id=\"e21c947\" data-element_type=\"widget\" data-widget_type=\"text-editor.default\">\n\t\t\t\t<div class=\"elementor-widget-container\">\n\t\t\t<style>\/*! elementor - v3.7.6 - 15-09-2022 *\/\n.elementor-widget-text-editor.elementor-drop-cap-view-stacked .elementor-drop-cap{background-color:#818a91;color:#fff}.elementor-widget-text-editor.elementor-drop-cap-view-framed .elementor-drop-cap{color:#818a91;border:3px solid;background-color:transparent}.elementor-widget-text-editor:not(.elementor-drop-cap-view-default) .elementor-drop-cap{margin-top:8px}.elementor-widget-text-editor:not(.elementor-drop-cap-view-default) .elementor-drop-cap-letter{width:1em;height:1em}.elementor-widget-text-editor .elementor-drop-cap{float:left;text-align:center;line-height:1;font-size:50px}.elementor-widget-text-editor .elementor-drop-cap-letter{display:inline-block}<\/style>\t\t\t\t<p>Nos \u00faltimos 15 dias, v\u00e1rios alunos do 9.\u00ba ano ao 12.\u00ba t\u00eam viajado por v\u00e1rias cidades e recantos do velho continente.&nbsp;<\/p>\n<p>Esta \u00e9 uma tradi\u00e7\u00e3o do CNSB, retomada em grande este ano, de proporcionar aos seus alunos viagens de enriquecimento cultural. Visitam-se museus e outros lugares do patrim\u00f3nio hist\u00f3rico, experimenta-se a gastronomia t\u00edpica, ouvem-se e treinam-se as diferentes l\u00ednguas e, acima de tudo, observam-se e absorvem-se outras formas de vida. Estes dias s\u00e3o sempre marcados por tanta euforia e anima\u00e7\u00e3o, que nem h\u00e1 hip\u00f3tese para ceder ao cansa\u00e7o acumulado nas pernas, pelo menos dos alunos!<\/p>\t\t\t\t\t\t<\/div>\n\t\t\t\t<\/div>\n\t\t\t\t\t<\/div>\n\t\t<\/div>\n\t\t\t\t\t\t\t<\/div>\n\t\t<\/section>\n\t\t\t\t<section class=\"elementor-section elementor-top-section elementor-element elementor-element-0ad03ab elementor-section-boxed elementor-section-height-default elementor-section-height-default\" data-id=\"0ad03ab\" data-element_type=\"section\">\n\t\t\t\t\t\t<div class=\"elementor-container elementor-column-gap-default\">\n\t\t\t\t\t<div class=\"elementor-column elementor-col-66 elementor-top-column elementor-element elementor-element-f0cb103\" data-id=\"f0cb103\" data-element_type=\"column\">\n\t\t\t<div class=\"elementor-widget-wrap elementor-element-populated\">\n\t\t\t\t\t\t\t\t<div class=\"elementor-element elementor-element-e4ee261 elementor-widget elementor-widget-image\" data-id=\"e4ee261\" data-element_type=\"widget\" data-widget_type=\"image.default\">\n\t\t\t\t<div class=\"elementor-widget-container\">\n\t\t\t<style>\/*! elementor - v3.7.6 - 15-09-2022 *\/\n.elementor-widget-image{text-align:center}.elementor-widget-image a{display:inline-block}.elementor-widget-image a img[src$=\".svg\"]{width:48px}.elementor-widget-image img{vertical-align:middle;display:inline-block}<\/style>\t\t\t\t\t\t\t\t\t\t\t\t<img loading=\"lazy\" decoding=\"async\" width=\"800\" height=\"600\" src=\"https:\/\/cnsb.pt\/wp-content\/uploads\/2023\/03\/332389522_1501427903683991_2762453112867018006_n.jpg\" class=\"attachment-large size-large\" alt=\"\" srcset=\"https:\/\/cnsb.pt\/wp-content\/uploads\/2023\/03\/332389522_1501427903683991_2762453112867018006_n.jpg 1024w, https:\/\/cnsb.pt\/wp-content\/uploads\/2023\/03\/332389522_1501427903683991_2762453112867018006_n-300x225.jpg 300w, https:\/\/cnsb.pt\/wp-content\/uploads\/2023\/03\/332389522_1501427903683991_2762453112867018006_n-768x576.jpg 768w\" sizes=\"auto, (max-width: 800px) 100vw, 800px\" \/>\t\t\t\t\t\t\t\t\t\t\t\t\t\t\t<\/div>\n\t\t\t\t<\/div>\n\t\t\t\t\t<\/div>\n\t\t<\/div>\n\t\t\t\t<div class=\"elementor-column elementor-col-33 elementor-top-column elementor-element elementor-element-d759d83\" data-id=\"d759d83\" data-element_type=\"column\">\n\t\t\t<div class=\"elementor-widget-wrap elementor-element-populated\">\n\t\t\t\t\t\t\t\t<div class=\"elementor-element elementor-element-c3922f5 elementor-widget elementor-widget-text-editor\" data-id=\"c3922f5\" data-element_type=\"widget\" data-widget_type=\"text-editor.default\">\n\t\t\t\t<div class=\"elementor-widget-container\">\n\t\t\t\t\t\t\t<div dir=\"auto\">Este foi o primeiro grupo a sair do aeroporto do Porto.<\/div>\n<div dir=\"auto\">12.\u00b0 ano, viajou a 20 de fevereiro com destino \u00e0&nbsp; bela cidade de&nbsp;<span style=\"font-family: var( --e-global-typography-primary-font-family ), Sans-serif; font-size: var( --e-global-typography-primary-font-size ); font-weight: var( --e-global-typography-primary-font-weight );\">Viena, onde, entre outros polos de atra\u00e7\u00e3o, visitaram o interior da \u00d3pera de Viena. Uma cidade que sempre nos encanta pelo vibrar da m\u00fasica e do ballet cl\u00e1ssico.<\/span><\/div>\n<p>De Viena sa\u00edram para Praga, a capital e maior cidade da Ch\u00e9quia. Na margem do rio Vlta<span style=\"font-family: var( --e-global-typography-primary-font-family ), Sans-serif; font-size: var( --e-global-typography-primary-font-size ); font-weight: var( --e-global-typography-primary-font-weight );\">va, a cidade das &#8220;cem c\u00fapulas&#8221; imp\u00f5e-se pelo seu magn\u00edfico castelo, catedral de S. Virto e Torre do rel\u00f3gio mec\u00e2nico.<\/span><\/p><p><span style=\"font-family: var( --e-global-typography-primary-font-family ), Sans-serif; font-size: var( --e-global-typography-primary-font-size ); font-weight: var( --e-global-typography-primary-font-weight );\">O nosso grupo de finalistas regressou no dia 24 de fevereiro cheio de boas mem\u00f3rias para levar para o resto da vida. \ud83d\ude42<\/span><\/p>\t\t\t\t\t\t<\/div>\n\t\t\t\t<\/div>\n\t\t\t\t\t<\/div>\n\t\t<\/div>\n\t\t\t\t\t\t\t<\/div>\n\t\t<\/section>\n\t\t\t\t<section class=\"elementor-section elementor-top-section elementor-element elementor-element-c7bcbf9 elementor-section-boxed elementor-section-height-default elementor-section-height-default\" data-id=\"c7bcbf9\" data-element_type=\"section\">\n\t\t\t\t\t\t<div class=\"elementor-container elementor-column-gap-default\">\n\t\t\t\t\t<div class=\"elementor-column elementor-col-33 elementor-top-column elementor-element elementor-element-1d6cbfe\" data-id=\"1d6cbfe\" data-element_type=\"column\">\n\t\t\t<div class=\"elementor-widget-wrap elementor-element-populated\">\n\t\t\t\t\t\t\t\t<div class=\"elementor-element elementor-element-5ea471c elementor-widget elementor-widget-text-editor\" data-id=\"5ea471c\" data-element_type=\"widget\" data-widget_type=\"text-editor.default\">\n\t\t\t\t<div class=\"elementor-widget-container\">\n\t\t\t\t\t\t\t<p>Eis alguns dos nossos alunos do 10.\u00ba ano, prontos para o embarque at\u00e9 Bruxelas e Bruges. O frio do norte da Europa recebeu-os em pleno para se divertirem e explorarem o meio \u00e0 sua volta.<\/p><p>Foram 4 dias de muitos quil\u00f3metros nas pernas, muitas novidades, com grande destaque para o <em>Atomium<\/em>, um dos s\u00edmbolos de Bruxelas.<\/p><p>Em Bruges, o casario das corpora\u00e7\u00f5es medievais n\u00e3o deixa ningu\u00e9m indiferente, tal como o imponente edif\u00edcio da C\u00e2mara Municipal e a sua cosmopolita pra\u00e7a.<\/p>\t\t\t\t\t\t<\/div>\n\t\t\t\t<\/div>\n\t\t\t\t\t<\/div>\n\t\t<\/div>\n\t\t\t\t<div class=\"elementor-column elementor-col-66 elementor-top-column elementor-element elementor-element-c2532c1\" data-id=\"c2532c1\" data-element_type=\"column\">\n\t\t\t<div class=\"elementor-widget-wrap elementor-element-populated\">\n\t\t\t\t\t\t\t\t<div class=\"elementor-element elementor-element-ed0ea01 elementor-widget elementor-widget-image\" data-id=\"ed0ea01\" data-element_type=\"widget\" data-widget_type=\"image.default\">\n\t\t\t\t<div class=\"elementor-widget-container\">\n\t\t\t\t\t\t\t\t\t\t\t\t\t\t\t<img loading=\"lazy\" decoding=\"async\" width=\"800\" height=\"600\" src=\"https:\/\/cnsb.pt\/wp-content\/uploads\/2023\/03\/332476293_588883762808234_8618712411442878305_n-1024x768.jpg\" class=\"attachment-large size-large\" alt=\"\" srcset=\"https:\/\/cnsb.pt\/wp-content\/uploads\/2023\/03\/332476293_588883762808234_8618712411442878305_n-1024x768.jpg 1024w, https:\/\/cnsb.pt\/wp-content\/uploads\/2023\/03\/332476293_588883762808234_8618712411442878305_n-300x225.jpg 300w, https:\/\/cnsb.pt\/wp-content\/uploads\/2023\/03\/332476293_588883762808234_8618712411442878305_n-768x576.jpg 768w, https:\/\/cnsb.pt\/wp-content\/uploads\/2023\/03\/332476293_588883762808234_8618712411442878305_n.jpg 1440w\" sizes=\"auto, (max-width: 800px) 100vw, 800px\" \/>\t\t\t\t\t\t\t\t\t\t\t\t\t\t\t<\/div>\n\t\t\t\t<\/div>\n\t\t\t\t\t<\/div>\n\t\t<\/div>\n\t\t\t\t\t\t\t<\/div>\n\t\t<\/section>\n\t\t\t\t<section class=\"elementor-section elementor-top-section elementor-element elementor-element-7959735 elementor-section-boxed elementor-section-height-default elementor-section-height-default\" data-id=\"7959735\" data-element_type=\"section\">\n\t\t\t\t\t\t<div class=\"elementor-container elementor-column-gap-default\">\n\t\t\t\t\t<div class=\"elementor-column elementor-col-66 elementor-top-column elementor-element elementor-element-5ef2f9b\" data-id=\"5ef2f9b\" data-element_type=\"column\">\n\t\t\t<div class=\"elementor-widget-wrap elementor-element-populated\">\n\t\t\t\t\t\t\t\t<div class=\"elementor-element elementor-element-051227b elementor-widget elementor-widget-image\" data-id=\"051227b\" data-element_type=\"widget\" data-widget_type=\"image.default\">\n\t\t\t\t<div class=\"elementor-widget-container\">\n\t\t\t\t\t\t\t\t\t\t\t\t\t\t\t<img loading=\"lazy\" decoding=\"async\" width=\"800\" height=\"600\" src=\"https:\/\/cnsb.pt\/wp-content\/uploads\/2023\/03\/333084994_715733546874221_3438345948096411519_n.jpg\" class=\"attachment-large size-large\" alt=\"\" srcset=\"https:\/\/cnsb.pt\/wp-content\/uploads\/2023\/03\/333084994_715733546874221_3438345948096411519_n.jpg 1024w, https:\/\/cnsb.pt\/wp-content\/uploads\/2023\/03\/333084994_715733546874221_3438345948096411519_n-300x225.jpg 300w, https:\/\/cnsb.pt\/wp-content\/uploads\/2023\/03\/333084994_715733546874221_3438345948096411519_n-768x576.jpg 768w\" sizes=\"auto, (max-width: 800px) 100vw, 800px\" \/>\t\t\t\t\t\t\t\t\t\t\t\t\t\t\t<\/div>\n\t\t\t\t<\/div>\n\t\t\t\t\t<\/div>\n\t\t<\/div>\n\t\t\t\t<div class=\"elementor-column elementor-col-33 elementor-top-column elementor-element elementor-element-7511482\" data-id=\"7511482\" data-element_type=\"column\">\n\t\t\t<div class=\"elementor-widget-wrap elementor-element-populated\">\n\t\t\t\t\t\t\t\t<div class=\"elementor-element elementor-element-02d267f elementor-widget elementor-widget-text-editor\" data-id=\"02d267f\" data-element_type=\"widget\" data-widget_type=\"text-editor.default\">\n\t\t\t\t<div class=\"elementor-widget-container\">\n\t\t\t\t\t\t\t<p>Os alunos do 9.\u00ba ano partiram, no dia 24 de fevereiro, rumo \u00e0 cidade luz, Paris.\u00a0<\/p><p>Entre as muitas atra\u00e7\u00f5es do patrim\u00f3nio hist\u00f3rico-cultural, destacam-se a Torre Eiffel, o Museu do Louvre, a Torre de Montparnasse e a Bas\u00edlica do Sacre-Coeur, no bairro dos artistas de Montmartre.<\/p><p>Depois de todas estas atra\u00e7\u00f5es, ainda houve muito entusiasmo guardado para gastar no Parque da Disney. Este mundo encantado continua a seduzir em todas as idades.<\/p><p>Esta viagem a encerrar um ciclo de estudos, o 3.\u00ba ciclo, vai certamente ficar gravada na mem\u00f3ria do cora\u00e7\u00e3o.<\/p>\t\t\t\t\t\t<\/div>\n\t\t\t\t<\/div>\n\t\t\t\t\t<\/div>\n\t\t<\/div>\n\t\t\t\t\t\t\t<\/div>\n\t\t<\/section>\n\t\t\t\t<section class=\"elementor-section elementor-top-section elementor-element elementor-element-410dd1a elementor-section-boxed elementor-section-height-default elementor-section-height-default\" data-id=\"410dd1a\" data-element_type=\"section\">\n\t\t\t\t\t\t<div class=\"elementor-container elementor-column-gap-default\">\n\t\t\t\t\t<div class=\"elementor-column elementor-col-33 elementor-top-column elementor-element elementor-element-ad33b5d\" data-id=\"ad33b5d\" data-element_type=\"column\">\n\t\t\t<div class=\"elementor-widget-wrap elementor-element-populated\">\n\t\t\t\t\t\t\t\t<div class=\"elementor-element elementor-element-9af212e elementor-widget elementor-widget-text-editor\" data-id=\"9af212e\" data-element_type=\"widget\" data-widget_type=\"text-editor.default\">\n\t\t\t\t<div class=\"elementor-widget-container\">\n\t\t\t\t\t\t\t<p>Os nossos alunos dos 11.\u00ba ano ainda est\u00e3o na capital da Alemanha, Berlim. Partiram no dia 1 de mar\u00e7o e, na segunda-feira, j\u00e1 est\u00e3o de regresso ao CNSB. O que ser\u00e1 que nos v\u00e3o contar?<\/p>\n<p>Para j\u00e1, sabemos que a viagem est\u00e1 a correr muito bem, com muita anima\u00e7\u00e3o e camaradagem.<\/p><p>As visitas incontorn\u00e1veis aos lugares de mem\u00f3ria da hist\u00f3ria recente da Alemanha e do mundo j\u00e1 foram feitas: Portas de Brandeburgo, Reichstag, Check Point Charlie, Pra\u00e7a Sony, East Side Gallery, Museu do Holocausto&#8230;<\/p><p>C\u00e1 os aguardamos, ansiosamente, para ficar a saber todos os pormenores e o que mais gostaram.<\/p><p>Para o ano h\u00e1 mais!<\/p>\n<p><\/p>\t\t\t\t\t\t<\/div>\n\t\t\t\t<\/div>\n\t\t\t\t\t<\/div>\n\t\t<\/div>\n\t\t\t\t<div class=\"elementor-column elementor-col-66 elementor-top-column elementor-element elementor-element-48e94c8\" data-id=\"48e94c8\" data-element_type=\"column\">\n\t\t\t<div class=\"elementor-widget-wrap elementor-element-populated\">\n\t\t\t\t\t\t\t\t<div class=\"elementor-element elementor-element-5036d22 elementor-widget elementor-widget-image\" data-id=\"5036d22\" data-element_type=\"widget\" data-widget_type=\"image.default\">\n\t\t\t\t<div class=\"elementor-widget-container\">\n\t\t\t\t\t\t\t\t\t\t\t\t\t\t\t<img loading=\"lazy\" decoding=\"async\" width=\"800\" height=\"696\" src=\"https:\/\/cnsb.pt\/wp-content\/uploads\/2023\/03\/333793920_1347455502714951_884968493104231637_n-1024x891.jpg\" class=\"attachment-large size-large\" alt=\"\" srcset=\"https:\/\/cnsb.pt\/wp-content\/uploads\/2023\/03\/333793920_1347455502714951_884968493104231637_n-1024x891.jpg 1024w, https:\/\/cnsb.pt\/wp-content\/uploads\/2023\/03\/333793920_1347455502714951_884968493104231637_n-300x261.jpg 300w, https:\/\/cnsb.pt\/wp-content\/uploads\/2023\/03\/333793920_1347455502714951_884968493104231637_n-768x668.jpg 768w, https:\/\/cnsb.pt\/wp-content\/uploads\/2023\/03\/333793920_1347455502714951_884968493104231637_n.jpg 1440w\" sizes=\"auto, (max-width: 800px) 100vw, 800px\" \/>\t\t\t\t\t\t\t\t\t\t\t\t\t\t\t<\/div>\n\t\t\t\t<\/div>\n\t\t\t\t\t<\/div>\n\t\t<\/div>\n\t\t\t\t\t\t\t<\/div>\n\t\t<\/section>\n\t\t\t\t<section class=\"elementor-section elementor-top-section elementor-element elementor-element-4d79f8b elementor-section-boxed elementor-section-height-default elementor-section-height-default\" data-id=\"4d79f8b\" data-element_type=\"section\">\n\t\t\t\t\t\t<div class=\"elementor-container elementor-column-gap-default\">\n\t\t\t\t\t<div class=\"elementor-column elementor-col-100 elementor-top-column elementor-element elementor-element-f25841f\" data-id=\"f25841f\" data-element_type=\"column\">\n\t\t\t<div class=\"elementor-widget-wrap elementor-element-populated\">\n\t\t\t\t\t\t\t\t<div class=\"elementor-element elementor-element-287c924 elementor-widget elementor-widget-copyright\" data-id=\"287c924\" data-element_type=\"widget\" data-settings=\"{&quot;align&quot;:&quot;center&quot;}\" data-widget_type=\"copyright.default\">\n\t\t\t\t<div class=\"elementor-widget-container\">\n\t\t\t\t\t<div class=\"hfe-copyright-wrapper\">\n\t\t\t\t\t\t\t<span>Copyright \u00a9 2026 Col\u00e9gio de Nossa Senhora da Bonan\u00e7a | Powered by Col\u00e9gio de Nossa Senhora da Bonan\u00e7a<\/span>\n\t\t\t\t\t<\/div>\n\t\t\t\t<\/div>\n\t\t\t\t<\/div>\n\t\t\t\t\t<\/div>\n\t\t<\/div>\n\t\t\t\t\t\t\t<\/div>\n\t\t<\/section>\n\t\t\t\t\t\t\t<\/div>\n\t\t","protected":false},"excerpt":{"rendered":"<p>Nos \u00faltimos 15 dias, v\u00e1rios alunos do 9.\u00ba ano ao 12.\u00ba t\u00eam viajado por v\u00e1rias cidades e recantos do velho continente.&nbsp; Esta \u00e9 uma tradi\u00e7\u00e3o do CNSB, retomada em grande este ano, de proporcionar aos seus alunos viagens de enriquecimento cultural. Visitam-se museus e outros lugares do patrim\u00f3nio hist\u00f3rico, experimenta-se a gastronomia t\u00edpica, ouvem-se e [&hellip;]<\/p>\n","protected":false},"author":9,"featured_media":6603,"comment_status":"closed","ping_status":"open","sticky":false,"template":"","format":"standard","meta":{"footnotes":""},"categories":[1],"tags":[],"class_list":["post-6602","post","type-post","status-publish","format-standard","has-post-thumbnail","hentry","category-noticias"],"_links":{"self":[{"href":"https:\/\/cnsb.pt\/index.php?rest_route=\/wp\/v2\/posts\/6602","targetHints":{"allow":["GET"]}}],"collection":[{"href":"https:\/\/cnsb.pt\/index.php?rest_route=\/wp\/v2\/posts"}],"about":[{"href":"https:\/\/cnsb.pt\/index.php?rest_route=\/wp\/v2\/types\/post"}],"author":[{"embeddable":true,"href":"https:\/\/cnsb.pt\/index.php?rest_route=\/wp\/v2\/users\/9"}],"replies":[{"embeddable":true,"href":"https:\/\/cnsb.pt\/index.php?rest_route=%2Fwp%2Fv2%2Fcomments&post=6602"}],"version-history":[{"count":4,"href":"https:\/\/cnsb.pt\/index.php?rest_route=\/wp\/v2\/posts\/6602\/revisions"}],"predecessor-version":[{"id":6611,"href":"https:\/\/cnsb.pt\/index.php?rest_route=\/wp\/v2\/posts\/6602\/revisions\/6611"}],"wp:featuredmedia":[{"embeddable":true,"href":"https:\/\/cnsb.pt\/index.php?rest_route=\/wp\/v2\/media\/6603"}],"wp:attachment":[{"href":"https:\/\/cnsb.pt\/index.php?rest_route=%2Fwp%2Fv2%2Fmedia&parent=6602"}],"wp:term":[{"taxonomy":"category","embeddable":true,"href":"https:\/\/cnsb.pt\/index.php?rest_route=%2Fwp%2Fv2%2Fcategories&post=6602"},{"taxonomy":"post_tag","embeddable":true,"href":"https:\/\/cnsb.pt\/index.php?rest_route=%2Fwp%2Fv2%2Ftags&post=6602"}],"curies":[{"name":"wp","href":"https:\/\/api.w.org\/{rel}","templated":true}]}}