{"id":5964,"date":"2022-12-13T00:01:45","date_gmt":"2022-12-13T00:01:45","guid":{"rendered":"https:\/\/cnsb.pt\/?p=5964"},"modified":"2023-01-16T22:07:23","modified_gmt":"2023-01-16T22:07:23","slug":"arrancou-hoje-a-semana-das-ciencias-sociais-e-humanas","status":"publish","type":"post","link":"https:\/\/cnsb.pt\/?p=5964","title":{"rendered":"Arrancou hoje a                                              Semana das Ci\u00eancias Sociais e Humanas"},"content":{"rendered":"\t\t<div data-elementor-type=\"wp-post\" data-elementor-id=\"5964\" class=\"elementor elementor-5964\">\n\t\t\t\t\t\t\t\t\t<section class=\"elementor-section elementor-top-section elementor-element elementor-element-951a9aa elementor-section-boxed elementor-section-height-default elementor-section-height-default\" data-id=\"951a9aa\" data-element_type=\"section\">\n\t\t\t\t\t\t<div class=\"elementor-container elementor-column-gap-default\">\n\t\t\t\t\t<div class=\"elementor-column elementor-col-100 elementor-top-column elementor-element elementor-element-c152c3a\" data-id=\"c152c3a\" data-element_type=\"column\">\n\t\t\t<div class=\"elementor-widget-wrap elementor-element-populated\">\n\t\t\t\t\t\t\t\t<div class=\"elementor-element elementor-element-c2d3bfc elementor-widget elementor-widget-text-editor\" data-id=\"c2d3bfc\" data-element_type=\"widget\" data-widget_type=\"text-editor.default\">\n\t\t\t\t<div class=\"elementor-widget-container\">\n\t\t\t<style>\/*! elementor - v3.7.6 - 15-09-2022 *\/\n.elementor-widget-text-editor.elementor-drop-cap-view-stacked .elementor-drop-cap{background-color:#818a91;color:#fff}.elementor-widget-text-editor.elementor-drop-cap-view-framed .elementor-drop-cap{color:#818a91;border:3px solid;background-color:transparent}.elementor-widget-text-editor:not(.elementor-drop-cap-view-default) .elementor-drop-cap{margin-top:8px}.elementor-widget-text-editor:not(.elementor-drop-cap-view-default) .elementor-drop-cap-letter{width:1em;height:1em}.elementor-widget-text-editor .elementor-drop-cap{float:left;text-align:center;line-height:1;font-size:50px}.elementor-widget-text-editor .elementor-drop-cap-letter{display:inline-block}<\/style>\t\t\t\t<p>Com o tema aglutinador dos Direitos Humanos, arrancou hoje a <strong>Semana dedicada \u00e0s Ci\u00eancias Sociais e Humanas<\/strong>.\u00a0<\/p><p>Est\u00e3o planeadas um conjunto de atividades, que visam mostrar aos nossos alunos a abrang\u00eancia e a import\u00e2ncia das diferentes Ci\u00eancias Sociais para uma forma\u00e7\u00e3o verdadeiramente humanista.\u00a0<\/p><p>Num mundo dominado por mudan\u00e7as a um ritmo vertiginoso, avan\u00e7os tecnol\u00f3gicos desconcertantes e avalanches de informa\u00e7\u00e3o manipulada, quais s\u00e3o os nossos referenciais de apoio e de orienta\u00e7\u00e3o, de que n\u00e3o podemos abdicar na nossa condi\u00e7\u00e3o humana e humanista? Os nossos Direitos Humanos.<\/p>\t\t\t\t\t\t<\/div>\n\t\t\t\t<\/div>\n\t\t\t\t\t<\/div>\n\t\t<\/div>\n\t\t\t\t\t\t\t<\/div>\n\t\t<\/section>\n\t\t\t\t<section class=\"elementor-section elementor-top-section elementor-element elementor-element-c5e055c elementor-section-content-space-around elementor-section-stretched elementor-section-boxed elementor-section-height-default elementor-section-height-default\" data-id=\"c5e055c\" data-element_type=\"section\" data-settings=\"{&quot;stretch_section&quot;:&quot;section-stretched&quot;}\">\n\t\t\t\t\t\t<div class=\"elementor-container elementor-column-gap-narrow\">\n\t\t\t\t\t<div class=\"elementor-column elementor-col-25 elementor-top-column elementor-element elementor-element-6781dcc\" data-id=\"6781dcc\" data-element_type=\"column\">\n\t\t\t<div class=\"elementor-widget-wrap elementor-element-populated\">\n\t\t\t\t\t\t\t\t<div class=\"elementor-element elementor-element-75243ee elementor-widget elementor-widget-image\" data-id=\"75243ee\" data-element_type=\"widget\" data-widget_type=\"image.default\">\n\t\t\t\t<div class=\"elementor-widget-container\">\n\t\t\t<style>\/*! elementor - v3.7.6 - 15-09-2022 *\/\n.elementor-widget-image{text-align:center}.elementor-widget-image a{display:inline-block}.elementor-widget-image a img[src$=\".svg\"]{width:48px}.elementor-widget-image img{vertical-align:middle;display:inline-block}<\/style>\t\t\t\t\t\t\t\t\t\t\t\t<img loading=\"lazy\" decoding=\"async\" width=\"800\" height=\"600\" src=\"https:\/\/cnsb.pt\/wp-content\/uploads\/2022\/12\/319216449_700248291699861_3316176097406723955_n-1024x768.jpg\" class=\"attachment-large size-large\" alt=\"\" srcset=\"https:\/\/cnsb.pt\/wp-content\/uploads\/2022\/12\/319216449_700248291699861_3316176097406723955_n-1024x768.jpg 1024w, https:\/\/cnsb.pt\/wp-content\/uploads\/2022\/12\/319216449_700248291699861_3316176097406723955_n-300x225.jpg 300w, https:\/\/cnsb.pt\/wp-content\/uploads\/2022\/12\/319216449_700248291699861_3316176097406723955_n-768x576.jpg 768w, https:\/\/cnsb.pt\/wp-content\/uploads\/2022\/12\/319216449_700248291699861_3316176097406723955_n-1536x1152.jpg 1536w, https:\/\/cnsb.pt\/wp-content\/uploads\/2022\/12\/319216449_700248291699861_3316176097406723955_n.jpg 2000w\" sizes=\"auto, (max-width: 800px) 100vw, 800px\" \/>\t\t\t\t\t\t\t\t\t\t\t\t\t\t\t<\/div>\n\t\t\t\t<\/div>\n\t\t\t\t\t<\/div>\n\t\t<\/div>\n\t\t\t\t<div class=\"elementor-column elementor-col-25 elementor-top-column elementor-element elementor-element-e6e4132\" data-id=\"e6e4132\" data-element_type=\"column\">\n\t\t\t<div class=\"elementor-widget-wrap elementor-element-populated\">\n\t\t\t\t\t\t\t\t<div class=\"elementor-element elementor-element-4557f28 elementor-widget elementor-widget-image\" data-id=\"4557f28\" data-element_type=\"widget\" data-widget_type=\"image.default\">\n\t\t\t\t<div class=\"elementor-widget-container\">\n\t\t\t\t\t\t\t\t\t\t\t\t\t\t\t<img loading=\"lazy\" decoding=\"async\" width=\"768\" height=\"576\" src=\"https:\/\/cnsb.pt\/wp-content\/uploads\/2022\/12\/318905372_1557459334715537_6177355147177337409_n-768x576.jpg\" class=\"attachment-medium_large size-medium_large\" alt=\"\" srcset=\"https:\/\/cnsb.pt\/wp-content\/uploads\/2022\/12\/318905372_1557459334715537_6177355147177337409_n-768x576.jpg 768w, https:\/\/cnsb.pt\/wp-content\/uploads\/2022\/12\/318905372_1557459334715537_6177355147177337409_n-300x225.jpg 300w, https:\/\/cnsb.pt\/wp-content\/uploads\/2022\/12\/318905372_1557459334715537_6177355147177337409_n-1024x768.jpg 1024w, https:\/\/cnsb.pt\/wp-content\/uploads\/2022\/12\/318905372_1557459334715537_6177355147177337409_n-1536x1152.jpg 1536w, https:\/\/cnsb.pt\/wp-content\/uploads\/2022\/12\/318905372_1557459334715537_6177355147177337409_n.jpg 1824w\" sizes=\"auto, (max-width: 768px) 100vw, 768px\" \/>\t\t\t\t\t\t\t\t\t\t\t\t\t\t\t<\/div>\n\t\t\t\t<\/div>\n\t\t\t\t\t<\/div>\n\t\t<\/div>\n\t\t\t\t<div class=\"elementor-column elementor-col-25 elementor-top-column elementor-element elementor-element-bdb2030\" data-id=\"bdb2030\" data-element_type=\"column\">\n\t\t\t<div class=\"elementor-widget-wrap elementor-element-populated\">\n\t\t\t\t\t\t\t\t<div class=\"elementor-element elementor-element-feb3739 elementor-widget elementor-widget-text-editor\" data-id=\"feb3739\" data-element_type=\"widget\" data-widget_type=\"text-editor.default\">\n\t\t\t\t<div class=\"elementor-widget-container\">\n\t\t\t\t\t\t\t<p>Por isso, os Direitos Humanos foram explicados pelos alunos de Direito do 12.\u00ba ano aos colegas das outras turmas, do 2.\u00ba ciclo ao ensino secund\u00e1rio.<\/p><p>Uma forma diferente de aprender!<\/p><p>Falou-se da sua g\u00e9nese, caracter\u00edsticas e import\u00e2ncia para a constru\u00e7\u00e3o de um mundo Livre e Fraterno.<\/p>\t\t\t\t\t\t<\/div>\n\t\t\t\t<\/div>\n\t\t\t\t\t<\/div>\n\t\t<\/div>\n\t\t\t\t<div class=\"elementor-column elementor-col-25 elementor-top-column elementor-element elementor-element-ab62280\" data-id=\"ab62280\" data-element_type=\"column\">\n\t\t\t<div class=\"elementor-widget-wrap elementor-element-populated\">\n\t\t\t\t\t\t\t\t<div class=\"elementor-element elementor-element-13820f6 elementor-widget elementor-widget-image\" data-id=\"13820f6\" data-element_type=\"widget\" data-widget_type=\"image.default\">\n\t\t\t\t<div class=\"elementor-widget-container\">\n\t\t\t\t\t\t\t\t\t\t\t\t\t\t\t<img loading=\"lazy\" decoding=\"async\" width=\"800\" height=\"600\" src=\"https:\/\/cnsb.pt\/wp-content\/uploads\/2022\/12\/318953985_5865382333522956_1622438558926629688_n-1024x768.jpg\" class=\"attachment-large size-large\" alt=\"\" srcset=\"https:\/\/cnsb.pt\/wp-content\/uploads\/2022\/12\/318953985_5865382333522956_1622438558926629688_n-1024x768.jpg 1024w, https:\/\/cnsb.pt\/wp-content\/uploads\/2022\/12\/318953985_5865382333522956_1622438558926629688_n-300x225.jpg 300w, https:\/\/cnsb.pt\/wp-content\/uploads\/2022\/12\/318953985_5865382333522956_1622438558926629688_n-768x576.jpg 768w, https:\/\/cnsb.pt\/wp-content\/uploads\/2022\/12\/318953985_5865382333522956_1622438558926629688_n-1536x1152.jpg 1536w, https:\/\/cnsb.pt\/wp-content\/uploads\/2022\/12\/318953985_5865382333522956_1622438558926629688_n.jpg 1824w\" sizes=\"auto, (max-width: 800px) 100vw, 800px\" \/>\t\t\t\t\t\t\t\t\t\t\t\t\t\t\t<\/div>\n\t\t\t\t<\/div>\n\t\t\t\t\t<\/div>\n\t\t<\/div>\n\t\t\t\t\t\t\t<\/div>\n\t\t<\/section>\n\t\t\t\t<section class=\"elementor-section elementor-top-section elementor-element elementor-element-bfc9aa9 elementor-section-boxed elementor-section-height-default elementor-section-height-default\" data-id=\"bfc9aa9\" data-element_type=\"section\">\n\t\t\t\t\t\t<div class=\"elementor-container elementor-column-gap-default\">\n\t\t\t\t\t<div class=\"elementor-column elementor-col-33 elementor-top-column elementor-element elementor-element-09eda8b\" data-id=\"09eda8b\" data-element_type=\"column\">\n\t\t\t<div class=\"elementor-widget-wrap elementor-element-populated\">\n\t\t\t\t\t\t\t\t<div class=\"elementor-element elementor-element-448fb0b elementor-widget elementor-widget-text-editor\" data-id=\"448fb0b\" data-element_type=\"widget\" data-widget_type=\"text-editor.default\">\n\t\t\t\t<div class=\"elementor-widget-container\">\n\t\t\t\t\t\t\t<p>E porque os Direitos Humanos, <em>per se<\/em>, n\u00e3o t\u00eam for\u00e7a de lei, os nossos alunos abra\u00e7aram o apelo da <strong>Amnistia Internacional<\/strong>.<\/p>\n<p>Depois de terem tomado conhecimento das pris\u00f5es injustas de ativistas pro-Direitos Humanos, est\u00e3o a participar na assinatura de peti\u00e7\u00f5es e na &#8220;maratona&#8221; de cartas em prol da sua liberta\u00e7\u00e3o.<\/p>\n<p>Acreditamos na for\u00e7a da palavra, como uma manifesta\u00e7\u00e3o de uma cidadania ativa e cr\u00edtica, que far\u00e1 certamente a diferen\u00e7a na sua forma de ver e pensar o que se passa \u00e0 sua volta.<\/p>\t\t\t\t\t\t<\/div>\n\t\t\t\t<\/div>\n\t\t\t\t\t<\/div>\n\t\t<\/div>\n\t\t\t\t<div class=\"elementor-column elementor-col-33 elementor-top-column elementor-element elementor-element-34cf8d3\" data-id=\"34cf8d3\" data-element_type=\"column\">\n\t\t\t<div class=\"elementor-widget-wrap elementor-element-populated\">\n\t\t\t\t\t\t\t\t<div class=\"elementor-element elementor-element-afaa3c7 elementor-widget elementor-widget-image\" data-id=\"afaa3c7\" data-element_type=\"widget\" data-widget_type=\"image.default\">\n\t\t\t\t<div class=\"elementor-widget-container\">\n\t\t\t\t\t\t\t\t\t\t\t\t\t\t\t<img loading=\"lazy\" decoding=\"async\" width=\"718\" height=\"1024\" src=\"https:\/\/cnsb.pt\/wp-content\/uploads\/2022\/12\/320482011_724718645425372_8922269918916410944_n-718x1024.jpg\" class=\"attachment-large size-large\" alt=\"\" srcset=\"https:\/\/cnsb.pt\/wp-content\/uploads\/2022\/12\/320482011_724718645425372_8922269918916410944_n-718x1024.jpg 718w, https:\/\/cnsb.pt\/wp-content\/uploads\/2022\/12\/320482011_724718645425372_8922269918916410944_n-210x300.jpg 210w, https:\/\/cnsb.pt\/wp-content\/uploads\/2022\/12\/320482011_724718645425372_8922269918916410944_n-768x1095.jpg 768w, https:\/\/cnsb.pt\/wp-content\/uploads\/2022\/12\/320482011_724718645425372_8922269918916410944_n-1078x1536.jpg 1078w, https:\/\/cnsb.pt\/wp-content\/uploads\/2022\/12\/320482011_724718645425372_8922269918916410944_n.jpg 1434w\" sizes=\"auto, (max-width: 718px) 100vw, 718px\" \/>\t\t\t\t\t\t\t\t\t\t\t\t\t\t\t<\/div>\n\t\t\t\t<\/div>\n\t\t\t\t\t<\/div>\n\t\t<\/div>\n\t\t\t\t<div class=\"elementor-column elementor-col-33 elementor-top-column elementor-element elementor-element-781af47\" data-id=\"781af47\" data-element_type=\"column\">\n\t\t\t<div class=\"elementor-widget-wrap elementor-element-populated\">\n\t\t\t\t\t\t\t\t<div class=\"elementor-element elementor-element-aadebb1 elementor-widget elementor-widget-image\" data-id=\"aadebb1\" data-element_type=\"widget\" data-widget_type=\"image.default\">\n\t\t\t\t<div class=\"elementor-widget-container\">\n\t\t\t\t\t\t\t\t\t\t\t\t\t\t\t<img loading=\"lazy\" decoding=\"async\" width=\"768\" height=\"1024\" src=\"https:\/\/cnsb.pt\/wp-content\/uploads\/2022\/12\/IMG20221212100624-768x1024.jpg\" class=\"attachment-large size-large\" alt=\"\" srcset=\"https:\/\/cnsb.pt\/wp-content\/uploads\/2022\/12\/IMG20221212100624-768x1024.jpg 768w, https:\/\/cnsb.pt\/wp-content\/uploads\/2022\/12\/IMG20221212100624-225x300.jpg 225w, https:\/\/cnsb.pt\/wp-content\/uploads\/2022\/12\/IMG20221212100624-1152x1536.jpg 1152w, https:\/\/cnsb.pt\/wp-content\/uploads\/2022\/12\/IMG20221212100624-1536x2048.jpg 1536w, https:\/\/cnsb.pt\/wp-content\/uploads\/2022\/12\/IMG20221212100624-scaled.jpg 1920w\" sizes=\"auto, (max-width: 768px) 100vw, 768px\" \/>\t\t\t\t\t\t\t\t\t\t\t\t\t\t\t<\/div>\n\t\t\t\t<\/div>\n\t\t\t\t\t<\/div>\n\t\t<\/div>\n\t\t\t\t\t\t\t<\/div>\n\t\t<\/section>\n\t\t\t\t<section class=\"elementor-section elementor-top-section elementor-element elementor-element-97c39dd elementor-section-boxed elementor-section-height-default elementor-section-height-default\" data-id=\"97c39dd\" data-element_type=\"section\">\n\t\t\t\t\t\t<div class=\"elementor-container elementor-column-gap-default\">\n\t\t\t\t\t<div class=\"elementor-column elementor-col-33 elementor-top-column elementor-element elementor-element-1d3ad0d\" data-id=\"1d3ad0d\" data-element_type=\"column\">\n\t\t\t<div class=\"elementor-widget-wrap elementor-element-populated\">\n\t\t\t\t\t\t\t\t<div class=\"elementor-element elementor-element-1fc7de2 elementor-widget elementor-widget-image\" data-id=\"1fc7de2\" data-element_type=\"widget\" data-widget_type=\"image.default\">\n\t\t\t\t<div class=\"elementor-widget-container\">\n\t\t\t\t\t\t\t\t\t\t\t\t<figure class=\"wp-caption\">\n\t\t\t\t\t\t\t\t\t\t<img loading=\"lazy\" decoding=\"async\" width=\"768\" height=\"576\" src=\"https:\/\/cnsb.pt\/wp-content\/uploads\/2022\/12\/319051542_566657875295559_4054253673045913613_n-768x576.jpg\" class=\"attachment-medium_large size-medium_large\" alt=\"Bruna Rom\u00e3o, estudante de Direito na Univ. Cat\u00f3lica\" srcset=\"https:\/\/cnsb.pt\/wp-content\/uploads\/2022\/12\/319051542_566657875295559_4054253673045913613_n-768x576.jpg 768w, https:\/\/cnsb.pt\/wp-content\/uploads\/2022\/12\/319051542_566657875295559_4054253673045913613_n-300x225.jpg 300w, https:\/\/cnsb.pt\/wp-content\/uploads\/2022\/12\/319051542_566657875295559_4054253673045913613_n-1024x768.jpg 1024w, https:\/\/cnsb.pt\/wp-content\/uploads\/2022\/12\/319051542_566657875295559_4054253673045913613_n-1536x1152.jpg 1536w, https:\/\/cnsb.pt\/wp-content\/uploads\/2022\/12\/319051542_566657875295559_4054253673045913613_n.jpg 1737w\" sizes=\"auto, (max-width: 768px) 100vw, 768px\" \/>\t\t\t\t\t\t\t\t\t\t\t<figcaption class=\"widget-image-caption wp-caption-text\">Bruna Rom\u00e3o, estudante do 2.\u00ba ano de Direito na Univ. Cat\u00f3lica, premiada com Bolsa de M\u00e9rito pelo 2.\u00ba ano consecutivo.<\/figcaption>\n\t\t\t\t\t\t\t\t\t\t<\/figure>\n\t\t\t\t\t\t\t\t\t<\/div>\n\t\t\t\t<\/div>\n\t\t\t\t\t<\/div>\n\t\t<\/div>\n\t\t\t\t<div class=\"elementor-column elementor-col-33 elementor-top-column elementor-element elementor-element-0d9bc9c\" data-id=\"0d9bc9c\" data-element_type=\"column\">\n\t\t\t<div class=\"elementor-widget-wrap elementor-element-populated\">\n\t\t\t\t\t\t\t\t<div class=\"elementor-element elementor-element-181ab26 elementor-widget elementor-widget-image\" data-id=\"181ab26\" data-element_type=\"widget\" data-widget_type=\"image.default\">\n\t\t\t\t<div class=\"elementor-widget-container\">\n\t\t\t\t\t\t\t\t\t\t\t\t<figure class=\"wp-caption\">\n\t\t\t\t\t\t\t\t\t\t<img loading=\"lazy\" decoding=\"async\" width=\"989\" height=\"513\" src=\"https:\/\/cnsb.pt\/wp-content\/uploads\/2022\/12\/319238126_1533391990494757_7177977067326650140_n.jpg\" class=\"attachment-2048x2048 size-2048x2048\" alt=\"\" srcset=\"https:\/\/cnsb.pt\/wp-content\/uploads\/2022\/12\/319238126_1533391990494757_7177977067326650140_n.jpg 989w, https:\/\/cnsb.pt\/wp-content\/uploads\/2022\/12\/319238126_1533391990494757_7177977067326650140_n-300x156.jpg 300w, https:\/\/cnsb.pt\/wp-content\/uploads\/2022\/12\/319238126_1533391990494757_7177977067326650140_n-768x398.jpg 768w\" sizes=\"auto, (max-width: 989px) 100vw, 989px\" \/>\t\t\t\t\t\t\t\t\t\t\t<figcaption class=\"widget-image-caption wp-caption-text\">Janiina Vaz, licenciada em Ci\u00eancias da Comunica\u00e7\u00e3o pela Universidade da Maia, \u00e9 um dos jovens rostos do Porto Canal.<\/figcaption>\n\t\t\t\t\t\t\t\t\t\t<\/figure>\n\t\t\t\t\t\t\t\t\t<\/div>\n\t\t\t\t<\/div>\n\t\t\t\t\t<\/div>\n\t\t<\/div>\n\t\t\t\t<div class=\"elementor-column elementor-col-33 elementor-top-column elementor-element elementor-element-a4234f5\" data-id=\"a4234f5\" data-element_type=\"column\">\n\t\t\t<div class=\"elementor-widget-wrap elementor-element-populated\">\n\t\t\t\t\t\t\t\t<div class=\"elementor-element elementor-element-3ba63d4 elementor-widget elementor-widget-text-editor\" data-id=\"3ba63d4\" data-element_type=\"widget\" data-widget_type=\"text-editor.default\">\n\t\t\t\t<div class=\"elementor-widget-container\">\n\t\t\t\t\t\t\t<p>E porque pensar e agir criticamente tamb\u00e9m se aprende na sala de aula, nas aulas de Hist\u00f3ria, Filosofia, Educa\u00e7\u00e3o Moral e Religiosa Cat\u00f3lica, Geografia, Sociologia, entre outras, nada melhor do que ouvir o testemunho de antigos alunos: o que ganharam acad\u00e9mica e pessoalmente ao estudarem Humanidades?\u00a0<span style=\"font-family: var( --e-global-typography-primary-font-family ), Sans-serif; font-size: var( --e-global-typography-primary-font-size ); font-weight: var( --e-global-typography-primary-font-weight );\">Que impacto positivo t\u00eam as Ci\u00eancias Sociais e Humanas na sua forma\u00e7\u00e3o acad\u00e9mica\/vida profissional?\u00a0<\/span><\/p>\t\t\t\t\t\t<\/div>\n\t\t\t\t<\/div>\n\t\t\t\t\t<\/div>\n\t\t<\/div>\n\t\t\t\t\t\t\t<\/div>\n\t\t<\/section>\n\t\t\t\t<section class=\"elementor-section elementor-top-section elementor-element elementor-element-8e8b138 elementor-section-boxed elementor-section-height-default elementor-section-height-default\" data-id=\"8e8b138\" data-element_type=\"section\">\n\t\t\t\t\t\t<div class=\"elementor-container elementor-column-gap-default\">\n\t\t\t\t\t<div class=\"elementor-column elementor-col-100 elementor-top-column elementor-element elementor-element-3e6af2e\" data-id=\"3e6af2e\" data-element_type=\"column\">\n\t\t\t<div class=\"elementor-widget-wrap elementor-element-populated\">\n\t\t\t\t\t\t\t\t<div class=\"elementor-element elementor-element-c88d698 elementor-widget elementor-widget-copyright\" data-id=\"c88d698\" data-element_type=\"widget\" data-settings=\"{&quot;align&quot;:&quot;center&quot;}\" data-widget_type=\"copyright.default\">\n\t\t\t\t<div class=\"elementor-widget-container\">\n\t\t\t\t\t<div class=\"hfe-copyright-wrapper\">\n\t\t\t\t\t\t\t<span>Copyright \u00a9 2026 Col\u00e9gio de Nossa Senhora da Bonan\u00e7a | Powered by Col\u00e9gio de Nossa Senhora da Bonan\u00e7a<\/span>\n\t\t\t\t\t<\/div>\n\t\t\t\t<\/div>\n\t\t\t\t<\/div>\n\t\t\t\t\t<\/div>\n\t\t<\/div>\n\t\t\t\t\t\t\t<\/div>\n\t\t<\/section>\n\t\t\t\t<section class=\"elementor-section elementor-top-section elementor-element elementor-element-bc1b5f5 elementor-section-boxed elementor-section-height-default elementor-section-height-default\" data-id=\"bc1b5f5\" data-element_type=\"section\">\n\t\t\t\t\t\t<div class=\"elementor-container elementor-column-gap-default\">\n\t\t\t\t\t<div class=\"elementor-column elementor-col-100 elementor-top-column elementor-element elementor-element-e907f0b\" data-id=\"e907f0b\" data-element_type=\"column\">\n\t\t\t<div class=\"elementor-widget-wrap elementor-element-populated\">\n\t\t\t\t\t\t\t\t<div class=\"elementor-element elementor-element-7261834 elementor-widget elementor-widget-elementskit-social-media\" data-id=\"7261834\" data-element_type=\"widget\" data-widget_type=\"elementskit-social-media.default\">\n\t\t\t\t<div class=\"elementor-widget-container\">\n\t\t\t<div class=\"ekit-wid-con\" >\t\t\t <ul class=\"ekit_social_media\">\n\t\t\t\t\t\t\t\t\t\t\t\t\t\t<li class=\"elementor-repeater-item-d5d7ad3\">\n\t\t\t\t\t    <a\n\t\t\t\t\t\thref=\"https:\/\/facebook.com\" class=\"facebook\" >\n\t\t\t\t\t\t\t\t\t\t\t\t\t\t\n\t\t\t\t\t\t\t<i aria-hidden=\"true\" class=\"icon icon-facebook\"><\/i>\t\t\t\t\t\t\t\t\t\n                                                                                                            <\/a>\n                    <\/li>\n                    \t\t\t\t\t\t\t\t\t\t\t\t\t\t<li class=\"elementor-repeater-item-5052bde\">\n\t\t\t\t\t    <a\n\t\t\t\t\t\thref=\"https:\/\/facebook.com\" class=\"twitter\" >\n\t\t\t\t\t\t\t\t\t\t\t\t\t\t\n\t\t\t\t\t\t\t<i aria-hidden=\"true\" class=\"icon icon-twitter\"><\/i>\t\t\t\t\t\t\t\t\t\n                                                                                                            <\/a>\n                    <\/li>\n                    \t\t\t\t\t\t\t\t\t\t\t\t\t\t<li class=\"elementor-repeater-item-608a01c\">\n\t\t\t\t\t    <a\n\t\t\t\t\t\thref=\"https:\/\/facebook.com\" class=\"linkedin\" >\n\t\t\t\t\t\t\t\t\t\t\t\t\t\t\n\t\t\t\t\t\t\t<i aria-hidden=\"true\" class=\"icon icon-linkedin\"><\/i>\t\t\t\t\t\t\t\t\t\n                                                                                                            <\/a>\n                    <\/li>\n                    \t\t\t\t\t\t\t<\/ul>\n\t\t<\/div>\t\t<\/div>\n\t\t\t\t<\/div>\n\t\t\t\t\t<\/div>\n\t\t<\/div>\n\t\t\t\t\t\t\t<\/div>\n\t\t<\/section>\n\t\t\t\t\t\t\t<\/div>\n\t\t","protected":false},"excerpt":{"rendered":"<p>Com o tema aglutinador dos Direitos Humanos, arrancou hoje a Semana dedicada \u00e0s Ci\u00eancias Sociais e Humanas.\u00a0 Est\u00e3o planeadas um conjunto de atividades, que visam mostrar aos nossos alunos a abrang\u00eancia e a import\u00e2ncia das diferentes Ci\u00eancias Sociais para uma forma\u00e7\u00e3o verdadeiramente humanista.\u00a0 Num mundo dominado por mudan\u00e7as a um ritmo vertiginoso, avan\u00e7os tecnol\u00f3gicos desconcertantes [&hellip;]<\/p>\n","protected":false},"author":9,"featured_media":5956,"comment_status":"closed","ping_status":"open","sticky":false,"template":"","format":"standard","meta":{"footnotes":""},"categories":[1],"tags":[],"class_list":["post-5964","post","type-post","status-publish","format-standard","has-post-thumbnail","hentry","category-noticias"],"_links":{"self":[{"href":"https:\/\/cnsb.pt\/index.php?rest_route=\/wp\/v2\/posts\/5964","targetHints":{"allow":["GET"]}}],"collection":[{"href":"https:\/\/cnsb.pt\/index.php?rest_route=\/wp\/v2\/posts"}],"about":[{"href":"https:\/\/cnsb.pt\/index.php?rest_route=\/wp\/v2\/types\/post"}],"author":[{"embeddable":true,"href":"https:\/\/cnsb.pt\/index.php?rest_route=\/wp\/v2\/users\/9"}],"replies":[{"embeddable":true,"href":"https:\/\/cnsb.pt\/index.php?rest_route=%2Fwp%2Fv2%2Fcomments&post=5964"}],"version-history":[{"count":22,"href":"https:\/\/cnsb.pt\/index.php?rest_route=\/wp\/v2\/posts\/5964\/revisions"}],"predecessor-version":[{"id":6170,"href":"https:\/\/cnsb.pt\/index.php?rest_route=\/wp\/v2\/posts\/5964\/revisions\/6170"}],"wp:featuredmedia":[{"embeddable":true,"href":"https:\/\/cnsb.pt\/index.php?rest_route=\/wp\/v2\/media\/5956"}],"wp:attachment":[{"href":"https:\/\/cnsb.pt\/index.php?rest_route=%2Fwp%2Fv2%2Fmedia&parent=5964"}],"wp:term":[{"taxonomy":"category","embeddable":true,"href":"https:\/\/cnsb.pt\/index.php?rest_route=%2Fwp%2Fv2%2Fcategories&post=5964"},{"taxonomy":"post_tag","embeddable":true,"href":"https:\/\/cnsb.pt\/index.php?rest_route=%2Fwp%2Fv2%2Ftags&post=5964"}],"curies":[{"name":"wp","href":"https:\/\/api.w.org\/{rel}","templated":true}]}}