{"id":5871,"date":"2022-11-27T17:55:45","date_gmt":"2022-11-27T17:55:45","guid":{"rendered":"https:\/\/cnsb.pt\/?p=5871"},"modified":"2022-11-27T18:06:50","modified_gmt":"2022-11-27T18:06:50","slug":"visita-de-estudo-ao-i3s","status":"publish","type":"post","link":"https:\/\/cnsb.pt\/?p=5871","title":{"rendered":"Visita de estudo ao I3S"},"content":{"rendered":"\t\t<div data-elementor-type=\"wp-post\" data-elementor-id=\"5871\" class=\"elementor elementor-5871\">\n\t\t\t\t\t\t\t\t\t<section class=\"elementor-section elementor-top-section elementor-element elementor-element-1f03713 elementor-section-boxed elementor-section-height-default elementor-section-height-default\" data-id=\"1f03713\" data-element_type=\"section\">\n\t\t\t\t\t\t<div class=\"elementor-container elementor-column-gap-default\">\n\t\t\t\t\t<div class=\"elementor-column elementor-col-100 elementor-top-column elementor-element elementor-element-8f375a4\" data-id=\"8f375a4\" data-element_type=\"column\">\n\t\t\t<div class=\"elementor-widget-wrap elementor-element-populated\">\n\t\t\t\t\t\t\t\t<div class=\"elementor-element elementor-element-6dd00f3 elementor-widget elementor-widget-testimonial\" data-id=\"6dd00f3\" data-element_type=\"widget\" data-widget_type=\"testimonial.default\">\n\t\t\t\t<div class=\"elementor-widget-container\">\n\t\t\t<style>\/*! elementor - v3.7.6 - 15-09-2022 *\/\n.elementor-testimonial-wrapper{overflow:hidden;text-align:center}.elementor-testimonial-wrapper .elementor-testimonial-content{font-size:1.3em;margin-bottom:20px}.elementor-testimonial-wrapper .elementor-testimonial-name{line-height:1.5;display:block}.elementor-testimonial-wrapper .elementor-testimonial-job{font-size:.85em;display:block}.elementor-testimonial-wrapper .elementor-testimonial-meta{width:100%;line-height:1}.elementor-testimonial-wrapper .elementor-testimonial-meta-inner{display:inline-block}.elementor-testimonial-wrapper .elementor-testimonial-meta .elementor-testimonial-details,.elementor-testimonial-wrapper .elementor-testimonial-meta .elementor-testimonial-image{display:table-cell;vertical-align:middle}.elementor-testimonial-wrapper .elementor-testimonial-meta .elementor-testimonial-image img{width:60px;height:60px;border-radius:50%;-o-object-fit:cover;object-fit:cover;max-width:none}.elementor-testimonial-wrapper .elementor-testimonial-meta.elementor-testimonial-image-position-aside .elementor-testimonial-image{padding-right:15px}.elementor-testimonial-wrapper .elementor-testimonial-meta.elementor-testimonial-image-position-aside .elementor-testimonial-details{text-align:left}.elementor-testimonial-wrapper .elementor-testimonial-meta.elementor-testimonial-image-position-top .elementor-testimonial-details,.elementor-testimonial-wrapper .elementor-testimonial-meta.elementor-testimonial-image-position-top .elementor-testimonial-image{display:block}.elementor-testimonial-wrapper .elementor-testimonial-meta.elementor-testimonial-image-position-top .elementor-testimonial-image{margin-bottom:20px}<\/style>\t\t<div class=\"elementor-testimonial-wrapper\">\n\t\t\t\t\t\t\t<div class=\"elementor-testimonial-content\"><div style=\"border: 0px; font-style: inherit; font-variant: inherit; font-weight: inherit; font-stretch: inherit; font-size: 12pt; line-height: inherit; font-family: Calibri, Arial, Helvetica, sans-serif; margin: 0px; padding: 0px; vertical-align: baseline; color: rgb(0, 0, 0);\">No dia 24 de novembro, Dia Mundial da Ci\u00eancia, n\u00f3s, os alunos de <span style=\"font-weight: var( --e-global-typography-primary-font-weight );\">Biologia e Geologia do 11.\u00ba ano e os de Biologia do 12.\u00ba, <\/span><span style=\"font-size: 12pt; font-style: inherit; font-variant-ligatures: inherit; font-variant-caps: inherit; font-weight: inherit;\">tivemos a oportunidade \u00fanica de conhecer o maior instituto de investiga\u00e7\u00e3o em Sa\u00fade em Portugal  - o I3S (Instituto de Investiga\u00e7\u00e3o e Inova\u00e7\u00e3o em Sa\u00fade).<\/span><br><span style=\"font-size: 12pt; font-style: inherit; font-variant-ligatures: inherit; font-variant-caps: inherit; font-weight: inherit;\"><br><\/span><\/div><div style=\"border: 0px; font-style: inherit; font-variant: inherit; font-weight: inherit; font-stretch: inherit; font-size: 12pt; line-height: inherit; font-family: Calibri, Arial, Helvetica, sans-serif; margin: 0px; padding: 0px; vertical-align: baseline; color: rgb(0, 0, 0);\">A visita teve in\u00edcio no audit\u00f3rio Mariano Gago, onde assistimos a uma breve apresenta\u00e7\u00e3o acerca do instituto e do trabalho desenvolvido por um dos grupos de investiga\u00e7\u00e3o. Seguiu-se uma visita guiada a dois laborat\u00f3rios, onde pudemos conhecer a teoria posta em pr\u00e1tica.&nbsp;<\/div><div style=\"border: 0px; font-style: inherit; font-variant: inherit; font-weight: inherit; font-stretch: inherit; font-size: 12pt; line-height: inherit; font-family: Calibri, Arial, Helvetica, sans-serif; margin: 0px; padding: 0px; vertical-align: baseline; color: rgb(0, 0, 0);\"><br><\/div><div style=\"border: 0px; font-style: inherit; font-variant: inherit; font-weight: inherit; font-stretch: inherit; font-size: 12pt; line-height: inherit; font-family: Calibri, Arial, Helvetica, sans-serif; margin: 0px; padding: 0px; vertical-align: baseline; color: rgb(0, 0, 0);\">Esta atividade enriqueceu-nos do ponto de vista cient\u00edfico e possibilitou-nos o conhecimento da perspetiva de quem trabalha em investiga\u00e7\u00e3o.<span style=\"color: rgb(51, 51, 51); font-family: var( --e-global-typography-primary-font-family ), Sans-serif; font-size: 1.3em; font-weight: var( --e-global-typography-primary-font-weight ); font-style: inherit; font-variant-ligatures: inherit; font-variant-caps: inherit;\"><\/span><\/div><\/div>\n\t\t\t\n\t\t\t\t\t\t<div class=\"elementor-testimonial-meta elementor-has-image elementor-testimonial-image-position-aside\">\n\t\t\t\t<div class=\"elementor-testimonial-meta-inner\">\n\t\t\t\t\t\t\t\t\t\t\t<div class=\"elementor-testimonial-image\">\n\t\t\t\t\t\t\t<img loading=\"lazy\" decoding=\"async\" width=\"507\" height=\"649\" src=\"https:\/\/cnsb.pt\/wp-content\/uploads\/2022\/11\/316164744_675763160800145_6261326143920981075_n.jpg\" class=\"attachment-full size-full\" alt=\"\" srcset=\"https:\/\/cnsb.pt\/wp-content\/uploads\/2022\/11\/316164744_675763160800145_6261326143920981075_n.jpg 507w, https:\/\/cnsb.pt\/wp-content\/uploads\/2022\/11\/316164744_675763160800145_6261326143920981075_n-234x300.jpg 234w\" \/>\t\t\t\t\t\t<\/div>\n\t\t\t\t\t\n\t\t\t\t\t\t\t\t\t\t<div class=\"elementor-testimonial-details\">\n\t\t\t\t\t\t\t\t\t\t\t\t\t\t<div class=\"elementor-testimonial-name\">Carla Meira Fernandes<\/div>\n\t\t\t\t\t\t\t\t\t\t\t\t\t\t\t\t\t\t\t\t\t\t<div class=\"elementor-testimonial-job\">Professora de Biologia<\/div>\n\t\t\t\t\t\t\t\t\t\t\t\t\t<\/div>\n\t\t\t\t\t\t\t\t\t<\/div>\n\t\t\t<\/div>\n\t\t\t\t\t<\/div>\n\t\t\t\t<\/div>\n\t\t\t\t<\/div>\n\t\t\t\t\t<\/div>\n\t\t<\/div>\n\t\t\t\t\t\t\t<\/div>\n\t\t<\/section>\n\t\t\t\t<section class=\"elementor-section elementor-top-section elementor-element elementor-element-c8a6fe0 elementor-section-boxed elementor-section-height-default elementor-section-height-default\" data-id=\"c8a6fe0\" data-element_type=\"section\">\n\t\t\t\t\t\t<div class=\"elementor-container elementor-column-gap-default\">\n\t\t\t\t\t<div class=\"elementor-column elementor-col-100 elementor-top-column elementor-element elementor-element-e85c743\" data-id=\"e85c743\" data-element_type=\"column\">\n\t\t\t<div class=\"elementor-widget-wrap elementor-element-populated\">\n\t\t\t\t\t\t\t\t<div class=\"elementor-element elementor-element-94fef99 elementor-widget elementor-widget-copyright\" data-id=\"94fef99\" data-element_type=\"widget\" data-settings=\"{&quot;align&quot;:&quot;center&quot;}\" data-widget_type=\"copyright.default\">\n\t\t\t\t<div class=\"elementor-widget-container\">\n\t\t\t\t\t<div class=\"hfe-copyright-wrapper\">\n\t\t\t\t\t\t\t<span>Copyright \u00a9 2026 Col\u00e9gio de Nossa Senhora da Bonan\u00e7a | Powered by Col\u00e9gio de Nossa Senhora da Bonan\u00e7a<\/span>\n\t\t\t\t\t<\/div>\n\t\t\t\t<\/div>\n\t\t\t\t<\/div>\n\t\t\t\t\t<\/div>\n\t\t<\/div>\n\t\t\t\t\t\t\t<\/div>\n\t\t<\/section>\n\t\t\t\t<section class=\"elementor-section elementor-top-section elementor-element elementor-element-20003f9 elementor-section-boxed elementor-section-height-default elementor-section-height-default\" data-id=\"20003f9\" data-element_type=\"section\">\n\t\t\t\t\t\t<div class=\"elementor-container elementor-column-gap-default\">\n\t\t\t\t\t<div class=\"elementor-column elementor-col-100 elementor-top-column elementor-element elementor-element-791dc1d\" data-id=\"791dc1d\" data-element_type=\"column\">\n\t\t\t<div class=\"elementor-widget-wrap elementor-element-populated\">\n\t\t\t\t\t\t\t\t<div class=\"elementor-element elementor-element-2ecefbb jkit-social-shape shape-none elementor-widget elementor-widget-jkit_social_share\" data-id=\"2ecefbb\" data-element_type=\"widget\" data-widget_type=\"jkit_social_share.default\">\n\t\t\t\t<div class=\"elementor-widget-container\">\n\t\t\t<div  class=\"jeg-elementor-kit jkit-social-share jeg_module___69f406a8beb1f\" ><ul class=\"social-share-list\"><li class=\"elementor-repeater-item-f3e8c0a\" data-social=\"facebook\">\n\t\t\t\t<a class=\"facebook social-icon\"><i aria-hidden=\"true\" class=\"fab fa-facebook-f\"><\/i><\/a>\n\t\t\t<\/li><li class=\"elementor-repeater-item-1765899\" data-social=\"twitter\">\n\t\t\t\t<a class=\"twitter social-icon\"><i aria-hidden=\"true\" class=\"fab fa-twitter\"><\/i><\/a>\n\t\t\t<\/li><li class=\"elementor-repeater-item-88314cd\" data-social=\"linkedin\">\n\t\t\t\t<a class=\"linkedin social-icon\"><i aria-hidden=\"true\" class=\"fab fa-linkedin-in\"><\/i><\/a>\n\t\t\t<\/li><\/ul><\/div>\t\t<\/div>\n\t\t\t\t<\/div>\n\t\t\t\t\t<\/div>\n\t\t<\/div>\n\t\t\t\t\t\t\t<\/div>\n\t\t<\/section>\n\t\t\t\t\t\t\t<\/div>\n\t\t","protected":false},"excerpt":{"rendered":"<p>No dia 24 de novembro, Dia Mundial da Ci\u00eancia, n\u00f3s, os alunos de Biologia e Geologia do 11.\u00ba ano e os de Biologia do 12.\u00ba, tivemos a oportunidade \u00fanica de conhecer o maior instituto de investiga\u00e7\u00e3o em Sa\u00fade em Portugal &#8211; o I3S (Instituto de Investiga\u00e7\u00e3o e Inova\u00e7\u00e3o em Sa\u00fade). A visita teve in\u00edcio no [&hellip;]<\/p>\n","protected":false},"author":9,"featured_media":5873,"comment_status":"closed","ping_status":"open","sticky":false,"template":"","format":"standard","meta":{"footnotes":""},"categories":[1],"tags":[],"class_list":["post-5871","post","type-post","status-publish","format-standard","has-post-thumbnail","hentry","category-noticias"],"_links":{"self":[{"href":"https:\/\/cnsb.pt\/index.php?rest_route=\/wp\/v2\/posts\/5871","targetHints":{"allow":["GET"]}}],"collection":[{"href":"https:\/\/cnsb.pt\/index.php?rest_route=\/wp\/v2\/posts"}],"about":[{"href":"https:\/\/cnsb.pt\/index.php?rest_route=\/wp\/v2\/types\/post"}],"author":[{"embeddable":true,"href":"https:\/\/cnsb.pt\/index.php?rest_route=\/wp\/v2\/users\/9"}],"replies":[{"embeddable":true,"href":"https:\/\/cnsb.pt\/index.php?rest_route=%2Fwp%2Fv2%2Fcomments&post=5871"}],"version-history":[{"count":4,"href":"https:\/\/cnsb.pt\/index.php?rest_route=\/wp\/v2\/posts\/5871\/revisions"}],"predecessor-version":[{"id":5879,"href":"https:\/\/cnsb.pt\/index.php?rest_route=\/wp\/v2\/posts\/5871\/revisions\/5879"}],"wp:featuredmedia":[{"embeddable":true,"href":"https:\/\/cnsb.pt\/index.php?rest_route=\/wp\/v2\/media\/5873"}],"wp:attachment":[{"href":"https:\/\/cnsb.pt\/index.php?rest_route=%2Fwp%2Fv2%2Fmedia&parent=5871"}],"wp:term":[{"taxonomy":"category","embeddable":true,"href":"https:\/\/cnsb.pt\/index.php?rest_route=%2Fwp%2Fv2%2Fcategories&post=5871"},{"taxonomy":"post_tag","embeddable":true,"href":"https:\/\/cnsb.pt\/index.php?rest_route=%2Fwp%2Fv2%2Ftags&post=5871"}],"curies":[{"name":"wp","href":"https:\/\/api.w.org\/{rel}","templated":true}]}}