{"id":5855,"date":"2022-11-23T21:25:25","date_gmt":"2022-11-23T21:25:25","guid":{"rendered":"https:\/\/cnsb.pt\/?p=5855"},"modified":"2022-11-23T21:25:26","modified_gmt":"2022-11-23T21:25:26","slug":"convite-as-celebracoes-do-dia-do-colegio","status":"publish","type":"post","link":"https:\/\/cnsb.pt\/?p=5855","title":{"rendered":"Convite \u00e0s celebra\u00e7\u00f5es do Dia do Col\u00e9gio"},"content":{"rendered":"\n<figure class=\"wp-block-image size-large\"><img loading=\"lazy\" decoding=\"async\" width=\"1024\" height=\"1024\" src=\"https:\/\/cnsb.pt\/wp-content\/uploads\/2022\/11\/Dia-do-Colegio2-1-1024x1024.png\" alt=\"\" class=\"wp-image-5860\" srcset=\"https:\/\/cnsb.pt\/wp-content\/uploads\/2022\/11\/Dia-do-Colegio2-1-1024x1024.png 1024w, https:\/\/cnsb.pt\/wp-content\/uploads\/2022\/11\/Dia-do-Colegio2-1-300x300.png 300w, https:\/\/cnsb.pt\/wp-content\/uploads\/2022\/11\/Dia-do-Colegio2-1-150x150.png 150w, https:\/\/cnsb.pt\/wp-content\/uploads\/2022\/11\/Dia-do-Colegio2-1-768x768.png 768w, https:\/\/cnsb.pt\/wp-content\/uploads\/2022\/11\/Dia-do-Colegio2-1-1536x1536.png 1536w, https:\/\/cnsb.pt\/wp-content\/uploads\/2022\/11\/Dia-do-Colegio2-1.png 1654w\" sizes=\"auto, (max-width: 1024px) 100vw, 1024px\" \/><\/figure>\n\n\n\n<figure class=\"wp-block-image size-large\"><img loading=\"lazy\" decoding=\"async\" width=\"1024\" height=\"1024\" src=\"https:\/\/cnsb.pt\/wp-content\/uploads\/2022\/11\/2-1-1024x1024.jpg\" alt=\"\" class=\"wp-image-5865\" srcset=\"https:\/\/cnsb.pt\/wp-content\/uploads\/2022\/11\/2-1-1024x1024.jpg 1024w, https:\/\/cnsb.pt\/wp-content\/uploads\/2022\/11\/2-1-300x300.jpg 300w, https:\/\/cnsb.pt\/wp-content\/uploads\/2022\/11\/2-1-150x150.jpg 150w, https:\/\/cnsb.pt\/wp-content\/uploads\/2022\/11\/2-1-768x768.jpg 768w, https:\/\/cnsb.pt\/wp-content\/uploads\/2022\/11\/2-1-1536x1536.jpg 1536w, https:\/\/cnsb.pt\/wp-content\/uploads\/2022\/11\/2-1.jpg 1654w\" sizes=\"auto, (max-width: 1024px) 100vw, 1024px\" \/><\/figure>\n","protected":false},"excerpt":{"rendered":"","protected":false},"author":9,"featured_media":5640,"comment_status":"closed","ping_status":"open","sticky":false,"template":"elementor_theme","format":"standard","meta":{"footnotes":""},"categories":[16,1],"tags":[],"class_list":["post-5855","post","type-post","status-publish","format-standard","has-post-thumbnail","hentry","category-dias-comemorativos","category-noticias"],"_links":{"self":[{"href":"https:\/\/cnsb.pt\/index.php?rest_route=\/wp\/v2\/posts\/5855","targetHints":{"allow":["GET"]}}],"collection":[{"href":"https:\/\/cnsb.pt\/index.php?rest_route=\/wp\/v2\/posts"}],"about":[{"href":"https:\/\/cnsb.pt\/index.php?rest_route=\/wp\/v2\/types\/post"}],"author":[{"embeddable":true,"href":"https:\/\/cnsb.pt\/index.php?rest_route=\/wp\/v2\/users\/9"}],"replies":[{"embeddable":true,"href":"https:\/\/cnsb.pt\/index.php?rest_route=%2Fwp%2Fv2%2Fcomments&post=5855"}],"version-history":[{"count":4,"href":"https:\/\/cnsb.pt\/index.php?rest_route=\/wp\/v2\/posts\/5855\/revisions"}],"predecessor-version":[{"id":5866,"href":"https:\/\/cnsb.pt\/index.php?rest_route=\/wp\/v2\/posts\/5855\/revisions\/5866"}],"wp:featuredmedia":[{"embeddable":true,"href":"https:\/\/cnsb.pt\/index.php?rest_route=\/wp\/v2\/media\/5640"}],"wp:attachment":[{"href":"https:\/\/cnsb.pt\/index.php?rest_route=%2Fwp%2Fv2%2Fmedia&parent=5855"}],"wp:term":[{"taxonomy":"category","embeddable":true,"href":"https:\/\/cnsb.pt\/index.php?rest_route=%2Fwp%2Fv2%2Fcategories&post=5855"},{"taxonomy":"post_tag","embeddable":true,"href":"https:\/\/cnsb.pt\/index.php?rest_route=%2Fwp%2Fv2%2Ftags&post=5855"}],"curies":[{"name":"wp","href":"https:\/\/api.w.org\/{rel}","templated":true}]}}