{"id":5667,"date":"2022-10-28T09:24:37","date_gmt":"2022-10-28T09:24:37","guid":{"rendered":"https:\/\/cnsb.pt\/?p=5667"},"modified":"2022-11-17T00:20:07","modified_gmt":"2022-11-17T00:20:07","slug":"dia-da-biblioteca-escolar-2","status":"publish","type":"post","link":"https:\/\/cnsb.pt\/?p=5667","title":{"rendered":"Dia da Biblioteca Escolar"},"content":{"rendered":"\t\t<div data-elementor-type=\"wp-post\" data-elementor-id=\"5667\" class=\"elementor elementor-5667\">\n\t\t\t\t\t\t\t\t\t<section class=\"elementor-section elementor-top-section elementor-element elementor-element-d930e4f elementor-section-boxed elementor-section-height-default elementor-section-height-default\" data-id=\"d930e4f\" data-element_type=\"section\">\n\t\t\t\t\t\t<div class=\"elementor-container elementor-column-gap-default\">\n\t\t\t\t\t<div class=\"elementor-column elementor-col-100 elementor-top-column elementor-element elementor-element-1f8f24d\" data-id=\"1f8f24d\" data-element_type=\"column\">\n\t\t\t<div class=\"elementor-widget-wrap elementor-element-populated\">\n\t\t\t\t\t\t\t\t<div class=\"elementor-element elementor-element-f9a40a0 elementor-widget elementor-widget-image\" data-id=\"f9a40a0\" data-element_type=\"widget\" data-widget_type=\"image.default\">\n\t\t\t\t<div class=\"elementor-widget-container\">\n\t\t\t<style>\/*! elementor - v3.7.6 - 15-09-2022 *\/\n.elementor-widget-image{text-align:center}.elementor-widget-image a{display:inline-block}.elementor-widget-image a img[src$=\".svg\"]{width:48px}.elementor-widget-image img{vertical-align:middle;display:inline-block}<\/style>\t\t\t\t\t\t\t\t\t\t\t\t<img loading=\"lazy\" decoding=\"async\" width=\"800\" height=\"600\" src=\"https:\/\/cnsb.pt\/wp-content\/uploads\/2022\/10\/IMG-20221026-WA0003-1024x768.jpg\" class=\"attachment-large size-large\" alt=\"\" srcset=\"https:\/\/cnsb.pt\/wp-content\/uploads\/2022\/10\/IMG-20221026-WA0003-1024x768.jpg 1024w, https:\/\/cnsb.pt\/wp-content\/uploads\/2022\/10\/IMG-20221026-WA0003-300x225.jpg 300w, https:\/\/cnsb.pt\/wp-content\/uploads\/2022\/10\/IMG-20221026-WA0003-768x576.jpg 768w, https:\/\/cnsb.pt\/wp-content\/uploads\/2022\/10\/IMG-20221026-WA0003-1536x1152.jpg 1536w, https:\/\/cnsb.pt\/wp-content\/uploads\/2022\/10\/IMG-20221026-WA0003.jpg 1824w\" sizes=\"auto, (max-width: 800px) 100vw, 800px\" \/>\t\t\t\t\t\t\t\t\t\t\t\t\t\t\t<\/div>\n\t\t\t\t<\/div>\n\t\t\t\t<div class=\"elementor-element elementor-element-fc197cb elementor-widget elementor-widget-text-editor\" data-id=\"fc197cb\" data-element_type=\"widget\" data-widget_type=\"text-editor.default\">\n\t\t\t\t<div class=\"elementor-widget-container\">\n\t\t\t<style>\/*! elementor - v3.7.6 - 15-09-2022 *\/\n.elementor-widget-text-editor.elementor-drop-cap-view-stacked .elementor-drop-cap{background-color:#818a91;color:#fff}.elementor-widget-text-editor.elementor-drop-cap-view-framed .elementor-drop-cap{color:#818a91;border:3px solid;background-color:transparent}.elementor-widget-text-editor:not(.elementor-drop-cap-view-default) .elementor-drop-cap{margin-top:8px}.elementor-widget-text-editor:not(.elementor-drop-cap-view-default) .elementor-drop-cap-letter{width:1em;height:1em}.elementor-widget-text-editor .elementor-drop-cap{float:left;text-align:center;line-height:1;font-size:50px}.elementor-widget-text-editor .elementor-drop-cap-letter{display:inline-block}<\/style>\t\t\t\t<div dir=\"auto\">Desafi\u00e1mos o trio contador de hist\u00f3rias, *o bicho papel\u00e3o*, a levar os alunos do 1.\u2070 e 2.\u2070 anos do 1.\u00ba Ciclo numa viagem pelo mundo fant\u00e1stico, animalesco e enganador da floresta, atrav\u00e9s do conto tradicional <em>Corre, corre Cabacinha, <\/em>uma hist\u00f3ria tradicional portuguesa.<\/div><div dir=\"auto\">\u00a0<\/div><div dir=\"auto\">Foi desta forma, alegre e participada, que comemor\u00e1mos, no dia 24 de outubro, o Dia da Biblioteca Escolar.<\/div>\t\t\t\t\t\t<\/div>\n\t\t\t\t<\/div>\n\t\t\t\t\t<\/div>\n\t\t<\/div>\n\t\t\t\t\t\t\t<\/div>\n\t\t<\/section>\n\t\t\t\t<section class=\"elementor-section elementor-top-section elementor-element elementor-element-24ba9ad elementor-section-boxed elementor-section-height-default elementor-section-height-default\" data-id=\"24ba9ad\" data-element_type=\"section\">\n\t\t\t\t\t\t<div class=\"elementor-container elementor-column-gap-default\">\n\t\t\t\t\t<div class=\"elementor-column elementor-col-25 elementor-top-column elementor-element elementor-element-b26546d\" data-id=\"b26546d\" data-element_type=\"column\">\n\t\t\t<div class=\"elementor-widget-wrap elementor-element-populated\">\n\t\t\t\t\t\t\t\t<div class=\"elementor-element elementor-element-ea5b01f elementor-widget elementor-widget-image\" data-id=\"ea5b01f\" data-element_type=\"widget\" data-widget_type=\"image.default\">\n\t\t\t\t<div class=\"elementor-widget-container\">\n\t\t\t\t\t\t\t\t\t\t\t\t\t\t\t<img loading=\"lazy\" decoding=\"async\" width=\"768\" height=\"1024\" src=\"https:\/\/cnsb.pt\/wp-content\/uploads\/2022\/10\/IMG-20221026-WA0011-768x1024.jpg\" class=\"attachment-large size-large\" alt=\"\" srcset=\"https:\/\/cnsb.pt\/wp-content\/uploads\/2022\/10\/IMG-20221026-WA0011-768x1024.jpg 768w, https:\/\/cnsb.pt\/wp-content\/uploads\/2022\/10\/IMG-20221026-WA0011-225x300.jpg 225w, https:\/\/cnsb.pt\/wp-content\/uploads\/2022\/10\/IMG-20221026-WA0011-1152x1536.jpg 1152w, https:\/\/cnsb.pt\/wp-content\/uploads\/2022\/10\/IMG-20221026-WA0011.jpg 1536w\" sizes=\"auto, (max-width: 768px) 100vw, 768px\" \/>\t\t\t\t\t\t\t\t\t\t\t\t\t\t\t<\/div>\n\t\t\t\t<\/div>\n\t\t\t\t\t<\/div>\n\t\t<\/div>\n\t\t\t\t<div class=\"elementor-column elementor-col-25 elementor-top-column elementor-element elementor-element-fad8c14\" data-id=\"fad8c14\" data-element_type=\"column\">\n\t\t\t<div class=\"elementor-widget-wrap elementor-element-populated\">\n\t\t\t\t\t\t\t\t<div class=\"elementor-element elementor-element-1f14d8e elementor-widget elementor-widget-image\" data-id=\"1f14d8e\" data-element_type=\"widget\" data-widget_type=\"image.default\">\n\t\t\t\t<div class=\"elementor-widget-container\">\n\t\t\t\t\t\t\t\t\t\t\t\t\t\t\t<img loading=\"lazy\" decoding=\"async\" width=\"768\" height=\"1024\" src=\"https:\/\/cnsb.pt\/wp-content\/uploads\/2022\/10\/IMG-20221026-WA0012-768x1024.jpg\" class=\"attachment-large size-large\" alt=\"\" srcset=\"https:\/\/cnsb.pt\/wp-content\/uploads\/2022\/10\/IMG-20221026-WA0012-768x1024.jpg 768w, https:\/\/cnsb.pt\/wp-content\/uploads\/2022\/10\/IMG-20221026-WA0012-225x300.jpg 225w, https:\/\/cnsb.pt\/wp-content\/uploads\/2022\/10\/IMG-20221026-WA0012-1152x1536.jpg 1152w, https:\/\/cnsb.pt\/wp-content\/uploads\/2022\/10\/IMG-20221026-WA0012.jpg 1536w\" sizes=\"auto, (max-width: 768px) 100vw, 768px\" \/>\t\t\t\t\t\t\t\t\t\t\t\t\t\t\t<\/div>\n\t\t\t\t<\/div>\n\t\t\t\t\t<\/div>\n\t\t<\/div>\n\t\t\t\t<div class=\"elementor-column elementor-col-50 elementor-top-column elementor-element elementor-element-753d0a6\" data-id=\"753d0a6\" data-element_type=\"column\">\n\t\t\t<div class=\"elementor-widget-wrap elementor-element-populated\">\n\t\t\t\t\t\t\t\t<div class=\"elementor-element elementor-element-0206fea elementor-widget elementor-widget-text-editor\" data-id=\"0206fea\" data-element_type=\"widget\" data-widget_type=\"text-editor.default\">\n\t\t\t\t<div class=\"elementor-widget-container\">\n\t\t\t\t\t\t\t<div dir=\"auto\">Para mostrar aos alunos do 3.\u2070 e 4.\u2070 anos, tamb\u00e9m do 1.\u00ba Ciclo, que &#8220;at\u00e9 os pequenos conseguem fazer coisas grandes&#8221;, o trio contador de hist\u00f3rias, *o bicho papel\u00e3o*, esteve no Col\u00e9gio a representar partes da obra <em>A Maior Flor do Mundo<\/em>, de Jos\u00e9 Saramago.&nbsp;<\/div>\n<div dir=\"auto\">&nbsp;<\/div>\n<div dir=\"auto\">Este ano, o autor, Pr\u00e9mio Nobel da Literatura em 1998, comemoraria o seu 100.\u00ba anivers\u00e1rio.<\/div>\n<div dir=\"auto\">&nbsp;<\/div>\n<div dir=\"auto\">Os alunos viveram com muito entusiasmo esta experi\u00eancia diferente de ter contacto com os livros, os autores&nbsp; e as suas hist\u00f3rias.<\/div>\n<div dir=\"auto\">&nbsp;<\/div>\t\t\t\t\t\t<\/div>\n\t\t\t\t<\/div>\n\t\t\t\t\t<\/div>\n\t\t<\/div>\n\t\t\t\t\t\t\t<\/div>\n\t\t<\/section>\n\t\t\t\t<section class=\"elementor-section elementor-top-section elementor-element elementor-element-104e263 elementor-section-boxed elementor-section-height-default elementor-section-height-default\" data-id=\"104e263\" data-element_type=\"section\">\n\t\t\t\t\t\t<div class=\"elementor-container elementor-column-gap-default\">\n\t\t\t\t\t<div class=\"elementor-column elementor-col-100 elementor-top-column elementor-element elementor-element-062c120\" data-id=\"062c120\" data-element_type=\"column\">\n\t\t\t<div class=\"elementor-widget-wrap elementor-element-populated\">\n\t\t\t\t\t\t\t\t<div class=\"elementor-element elementor-element-e80df35 elementor-widget elementor-widget-copyright\" data-id=\"e80df35\" data-element_type=\"widget\" data-settings=\"{&quot;align&quot;:&quot;center&quot;}\" data-widget_type=\"copyright.default\">\n\t\t\t\t<div class=\"elementor-widget-container\">\n\t\t\t\t\t<div class=\"hfe-copyright-wrapper\">\n\t\t\t\t\t\t\t<span>Copyright \u00a9 2026 Col\u00e9gio de Nossa Senhora da Bonan\u00e7a | Powered by Col\u00e9gio de Nossa Senhora da Bonan\u00e7a<\/span>\n\t\t\t\t\t<\/div>\n\t\t\t\t<\/div>\n\t\t\t\t<\/div>\n\t\t\t\t\t<\/div>\n\t\t<\/div>\n\t\t\t\t\t\t\t<\/div>\n\t\t<\/section>\n\t\t\t\t\t\t\t<\/div>\n\t\t","protected":false},"excerpt":{"rendered":"<p>Desafi\u00e1mos o trio contador de hist\u00f3rias, *o bicho papel\u00e3o*, a levar os alunos do 1.\u2070 e 2.\u2070 anos do 1.\u00ba Ciclo numa viagem pelo mundo fant\u00e1stico, animalesco e enganador da floresta, atrav\u00e9s do conto tradicional Corre, corre Cabacinha, uma hist\u00f3ria tradicional portuguesa.\u00a0Foi desta forma, alegre e participada, que comemor\u00e1mos, no dia 24 de outubro, o [&hellip;]<\/p>\n","protected":false},"author":9,"featured_media":5670,"comment_status":"closed","ping_status":"open","sticky":false,"template":"","format":"standard","meta":{"footnotes":""},"categories":[1],"tags":[],"class_list":["post-5667","post","type-post","status-publish","format-standard","has-post-thumbnail","hentry","category-noticias"],"_links":{"self":[{"href":"https:\/\/cnsb.pt\/index.php?rest_route=\/wp\/v2\/posts\/5667","targetHints":{"allow":["GET"]}}],"collection":[{"href":"https:\/\/cnsb.pt\/index.php?rest_route=\/wp\/v2\/posts"}],"about":[{"href":"https:\/\/cnsb.pt\/index.php?rest_route=\/wp\/v2\/types\/post"}],"author":[{"embeddable":true,"href":"https:\/\/cnsb.pt\/index.php?rest_route=\/wp\/v2\/users\/9"}],"replies":[{"embeddable":true,"href":"https:\/\/cnsb.pt\/index.php?rest_route=%2Fwp%2Fv2%2Fcomments&post=5667"}],"version-history":[{"count":13,"href":"https:\/\/cnsb.pt\/index.php?rest_route=\/wp\/v2\/posts\/5667\/revisions"}],"predecessor-version":[{"id":5809,"href":"https:\/\/cnsb.pt\/index.php?rest_route=\/wp\/v2\/posts\/5667\/revisions\/5809"}],"wp:featuredmedia":[{"embeddable":true,"href":"https:\/\/cnsb.pt\/index.php?rest_route=\/wp\/v2\/media\/5670"}],"wp:attachment":[{"href":"https:\/\/cnsb.pt\/index.php?rest_route=%2Fwp%2Fv2%2Fmedia&parent=5667"}],"wp:term":[{"taxonomy":"category","embeddable":true,"href":"https:\/\/cnsb.pt\/index.php?rest_route=%2Fwp%2Fv2%2Fcategories&post=5667"},{"taxonomy":"post_tag","embeddable":true,"href":"https:\/\/cnsb.pt\/index.php?rest_route=%2Fwp%2Fv2%2Ftags&post=5667"}],"curies":[{"name":"wp","href":"https:\/\/api.w.org\/{rel}","templated":true}]}}