{"id":5637,"date":"2022-10-24T14:55:27","date_gmt":"2022-10-24T14:55:27","guid":{"rendered":"https:\/\/cnsb.pt\/?p=5637"},"modified":"2022-10-31T15:27:18","modified_gmt":"2022-10-31T15:27:18","slug":"criancas-do-cnsb-rezam-pela-paz","status":"publish","type":"post","link":"https:\/\/cnsb.pt\/?p=5637","title":{"rendered":"Crian\u00e7as do CNSB rezam pela PAZ"},"content":{"rendered":"\t\t<div data-elementor-type=\"wp-post\" data-elementor-id=\"5637\" class=\"elementor elementor-5637\">\n\t\t\t\t\t\t\t\t\t<section class=\"elementor-section elementor-top-section elementor-element elementor-element-2f092cc elementor-section-boxed elementor-section-height-default elementor-section-height-default\" data-id=\"2f092cc\" data-element_type=\"section\">\n\t\t\t\t\t\t<div class=\"elementor-container elementor-column-gap-default\">\n\t\t\t\t\t<div class=\"elementor-column elementor-col-100 elementor-top-column elementor-element elementor-element-856ccbb\" data-id=\"856ccbb\" data-element_type=\"column\">\n\t\t\t<div class=\"elementor-widget-wrap elementor-element-populated\">\n\t\t\t\t\t\t\t\t<div class=\"elementor-element elementor-element-508cdb9 elementor-widget elementor-widget-text-editor\" data-id=\"508cdb9\" data-element_type=\"widget\" data-widget_type=\"text-editor.default\">\n\t\t\t\t<div class=\"elementor-widget-container\">\n\t\t\t<style>\/*! elementor - v3.7.6 - 15-09-2022 *\/\n.elementor-widget-text-editor.elementor-drop-cap-view-stacked .elementor-drop-cap{background-color:#818a91;color:#fff}.elementor-widget-text-editor.elementor-drop-cap-view-framed .elementor-drop-cap{color:#818a91;border:3px solid;background-color:transparent}.elementor-widget-text-editor:not(.elementor-drop-cap-view-default) .elementor-drop-cap{margin-top:8px}.elementor-widget-text-editor:not(.elementor-drop-cap-view-default) .elementor-drop-cap-letter{width:1em;height:1em}.elementor-widget-text-editor .elementor-drop-cap{float:left;text-align:center;line-height:1;font-size:50px}.elementor-widget-text-editor .elementor-drop-cap-letter{display:inline-block}<\/style>\t\t\t\t<p>Integrada na campanha mundial, organizada pela Funda\u00e7\u00e3o Pontif\u00edcia Ajuda \u00e0 Igreja que Sofre (AIS), as crian\u00e7as do nosso col\u00e9gio foram desafiadas a participar tamb\u00e9m, no dia 18 de outubro, nesta iniciativa &#8220;Um milh\u00e3o de Crian\u00e7as rezam o Ter\u00e7o&#8221;.<\/p>\t\t\t\t\t\t<\/div>\n\t\t\t\t<\/div>\n\t\t\t\t\t<\/div>\n\t\t<\/div>\n\t\t\t\t\t\t\t<\/div>\n\t\t<\/section>\n\t\t\t\t<section class=\"elementor-section elementor-top-section elementor-element elementor-element-460d18a elementor-section-boxed elementor-section-height-default elementor-section-height-default\" data-id=\"460d18a\" data-element_type=\"section\">\n\t\t\t\t\t\t<div class=\"elementor-container elementor-column-gap-default\">\n\t\t\t\t\t<div class=\"elementor-column elementor-col-50 elementor-top-column elementor-element elementor-element-4898884\" data-id=\"4898884\" data-element_type=\"column\">\n\t\t\t<div class=\"elementor-widget-wrap elementor-element-populated\">\n\t\t\t\t\t\t\t\t<div class=\"elementor-element elementor-element-0b59544 elementor-widget elementor-widget-image\" data-id=\"0b59544\" data-element_type=\"widget\" data-widget_type=\"image.default\">\n\t\t\t\t<div class=\"elementor-widget-container\">\n\t\t\t<style>\/*! elementor - v3.7.6 - 15-09-2022 *\/\n.elementor-widget-image{text-align:center}.elementor-widget-image a{display:inline-block}.elementor-widget-image a img[src$=\".svg\"]{width:48px}.elementor-widget-image img{vertical-align:middle;display:inline-block}<\/style>\t\t\t\t\t\t\t\t\t\t\t\t<img loading=\"lazy\" decoding=\"async\" width=\"800\" height=\"474\" src=\"https:\/\/cnsb.pt\/wp-content\/uploads\/2022\/10\/18.Out_2.ociclo-e1669237088926-1024x607.jpg\" class=\"attachment-large size-large\" alt=\"\" srcset=\"https:\/\/cnsb.pt\/wp-content\/uploads\/2022\/10\/18.Out_2.ociclo-e1669237088926-1024x607.jpg 1024w, https:\/\/cnsb.pt\/wp-content\/uploads\/2022\/10\/18.Out_2.ociclo-e1669237088926-300x178.jpg 300w, https:\/\/cnsb.pt\/wp-content\/uploads\/2022\/10\/18.Out_2.ociclo-e1669237088926-768x455.jpg 768w, https:\/\/cnsb.pt\/wp-content\/uploads\/2022\/10\/18.Out_2.ociclo-e1669237088926-1536x910.jpg 1536w, https:\/\/cnsb.pt\/wp-content\/uploads\/2022\/10\/18.Out_2.ociclo-e1669237088926.jpg 1600w\" sizes=\"auto, (max-width: 800px) 100vw, 800px\" \/>\t\t\t\t\t\t\t\t\t\t\t\t\t\t\t<\/div>\n\t\t\t\t<\/div>\n\t\t\t\t\t<\/div>\n\t\t<\/div>\n\t\t\t\t<div class=\"elementor-column elementor-col-50 elementor-top-column elementor-element elementor-element-692571a\" data-id=\"692571a\" data-element_type=\"column\">\n\t\t\t<div class=\"elementor-widget-wrap elementor-element-populated\">\n\t\t\t\t\t\t\t\t<div class=\"elementor-element elementor-element-78dfde3 elementor-widget elementor-widget-text-editor\" data-id=\"78dfde3\" data-element_type=\"widget\" data-widget_type=\"text-editor.default\">\n\t\t\t\t<div class=\"elementor-widget-container\">\n\t\t\t\t\t\t\t<p>O cartaz da campanha de ora\u00e7\u00e3o apresenta, este ano, duas m\u00e3os abertas que envolvem o globo e o sustentam, juntamente com as crian\u00e7as de todos os continentes.\u00a0<\/p><p>&#8220;Estas m\u00e3os simbolizam as m\u00e3os do Divino Pai que criou o mundo com amor, e deseja salvar todos os povos e lev\u00e1-los em seguran\u00e7a para junto de Si.&#8221;<\/p><p>Olhando \u00e0 nossa volta para todas as guerras e perversidades, persegui\u00e7\u00f5es, doen\u00e7as e medos que pesam sobre o mundo, podemos interrogar-nos: &#8220;Ter\u00e1 Deus realmente o controlo do mundo?\u201d Sim, tem, mas tamb\u00e9m devemos procurar as Suas m\u00e3os estendidas para n\u00f3s e agarrar-nos a Ele.&#8221;- explica-nos a missiva da Funda\u00e7\u00e3o AIS.<\/p>\t\t\t\t\t\t<\/div>\n\t\t\t\t<\/div>\n\t\t\t\t\t<\/div>\n\t\t<\/div>\n\t\t\t\t\t\t\t<\/div>\n\t\t<\/section>\n\t\t\t\t<section class=\"elementor-section elementor-top-section elementor-element elementor-element-49085c3 elementor-section-boxed elementor-section-height-default elementor-section-height-default\" data-id=\"49085c3\" data-element_type=\"section\">\n\t\t\t\t\t\t<div class=\"elementor-container elementor-column-gap-default\">\n\t\t\t\t\t<div class=\"elementor-column elementor-col-100 elementor-top-column elementor-element elementor-element-24a8860\" data-id=\"24a8860\" data-element_type=\"column\">\n\t\t\t<div class=\"elementor-widget-wrap elementor-element-populated\">\n\t\t\t\t\t\t\t\t<div class=\"elementor-element elementor-element-1343873 elementor-widget elementor-widget-text-editor\" data-id=\"1343873\" data-element_type=\"widget\" data-widget_type=\"text-editor.default\">\n\t\t\t\t<div class=\"elementor-widget-container\">\n\t\t\t\t\t\t\t<p>E foi de bra\u00e7os e m\u00e3os estendidas para Maria, que os nossos alunos, do 1.\u00ba ao 2.\u00ba ciclo, estiveram em ora\u00e7\u00e3o, quando naquele dia se dirigiram \u00e0 capela. Os meninos do Pr\u00e9-Escolar tamb\u00e9m participaram com um &#8220;despertar religioso&#8221;.<\/p>\t\t\t\t\t\t<\/div>\n\t\t\t\t<\/div>\n\t\t\t\t\t<\/div>\n\t\t<\/div>\n\t\t\t\t\t\t\t<\/div>\n\t\t<\/section>\n\t\t\t\t<section class=\"elementor-section elementor-top-section elementor-element elementor-element-bc73796 elementor-section-boxed elementor-section-height-default elementor-section-height-default\" data-id=\"bc73796\" data-element_type=\"section\">\n\t\t\t\t\t\t<div class=\"elementor-container elementor-column-gap-default\">\n\t\t\t\t\t<div class=\"elementor-column elementor-col-100 elementor-top-column elementor-element elementor-element-e9a9aa7\" data-id=\"e9a9aa7\" data-element_type=\"column\">\n\t\t\t<div class=\"elementor-widget-wrap elementor-element-populated\">\n\t\t\t\t\t\t\t\t<div class=\"elementor-element elementor-element-f095254 elementor-widget elementor-widget-text-editor\" data-id=\"f095254\" data-element_type=\"widget\" data-widget_type=\"text-editor.default\">\n\t\t\t\t<div class=\"elementor-widget-container\">\n\t\t\t\t\t\t\t<p>Como refere a Funda\u00e7\u00e3o AIS, um dos objetivos desta campanha de ora\u00e7\u00e3o, Um milh\u00e3o de Crian\u00e7as reza o Ter\u00e7o, \u00e9 ajudar-nos a compreender mais profundamente que todos n\u00f3s temos um \u00danico Pai no C\u00e9u que deseja apenas a nossa felicidade e que nos deu a M\u00e3e de Deus como nossa pr\u00f3pria M\u00e3e. Maria apenas deseja que o nosso mundo possa ser uma casa para todos, onde o amor de Deus prevale\u00e7a e j\u00e1 n\u00e3o se sofra por necessidade ou medo.<\/p>\n<p>No total, contabilizaram-se 846 211 crian\u00e7as em ora\u00e7\u00e3o em Portugal!&nbsp;<\/p>\n<p>Fica aqui o convite a todos os que queiram continuar esta iniciativa, no seu dia a dia.<\/p>\t\t\t\t\t\t<\/div>\n\t\t\t\t<\/div>\n\t\t\t\t<div class=\"elementor-element elementor-element-84e2f8d elementor-widget elementor-widget-elementskit-video\" data-id=\"84e2f8d\" data-element_type=\"widget\" data-widget_type=\"elementskit-video.default\">\n\t\t\t\t<div class=\"elementor-widget-container\">\n\t\t\t<div class=\"ekit-wid-con\" >\t\t\t<div class=\"video-content\">\n                <a href=\"https:\/\/www.youtube.com\/embed\/e1vvGnLuzj0?feature=oembed?playlist=e1vvGnLuzj0&#038;mute=0&#038;autoplay=0&#038;loop=no&#038;controls=0&#038;start=0&#038;end=\" class=\"ekit-video-popup ekit-video-popup-btn ekit_icon_button glow-btn\">\n\t\t\t\t\t\t\t\t\t\t\t\t\t\t\t\t<i aria-hidden=\"true\" class=\"icon icon-play\"><\/i>\t\t\t\t\t\t\t\t\t\t                <\/a>\n            <\/div>\n\t\t<\/div>\t\t<\/div>\n\t\t\t\t<\/div>\n\t\t\t\t\t<\/div>\n\t\t<\/div>\n\t\t\t\t\t\t\t<\/div>\n\t\t<\/section>\n\t\t\t\t<section class=\"elementor-section elementor-top-section elementor-element elementor-element-005fa31 elementor-section-boxed elementor-section-height-default elementor-section-height-default\" data-id=\"005fa31\" data-element_type=\"section\">\n\t\t\t\t\t\t<div class=\"elementor-container elementor-column-gap-default\">\n\t\t\t\t\t<div class=\"elementor-column elementor-col-100 elementor-top-column elementor-element elementor-element-7547492\" data-id=\"7547492\" data-element_type=\"column\">\n\t\t\t<div class=\"elementor-widget-wrap elementor-element-populated\">\n\t\t\t\t\t\t\t\t<div class=\"elementor-element elementor-element-8c5c0a6 elementor-widget elementor-widget-copyright\" data-id=\"8c5c0a6\" data-element_type=\"widget\" data-settings=\"{&quot;align&quot;:&quot;center&quot;}\" data-widget_type=\"copyright.default\">\n\t\t\t\t<div class=\"elementor-widget-container\">\n\t\t\t\t\t<div class=\"hfe-copyright-wrapper\">\n\t\t\t\t\t\t\t<span>Copyright \u00a9 2026 Col\u00e9gio de Nossa Senhora da Bonan\u00e7a | Powered by Col\u00e9gio de Nossa Senhora da Bonan\u00e7a<\/span>\n\t\t\t\t\t<\/div>\n\t\t\t\t<\/div>\n\t\t\t\t<\/div>\n\t\t\t\t\t<\/div>\n\t\t<\/div>\n\t\t\t\t\t\t\t<\/div>\n\t\t<\/section>\n\t\t\t\t<section class=\"elementor-section elementor-top-section elementor-element elementor-element-80076bb elementor-section-boxed elementor-section-height-default elementor-section-height-default\" data-id=\"80076bb\" data-element_type=\"section\">\n\t\t\t\t\t\t<div class=\"elementor-container elementor-column-gap-default\">\n\t\t\t\t\t<div class=\"elementor-column elementor-col-100 elementor-top-column elementor-element elementor-element-6cb0540\" data-id=\"6cb0540\" data-element_type=\"column\">\n\t\t\t<div class=\"elementor-widget-wrap elementor-element-populated\">\n\t\t\t\t\t\t\t\t<div class=\"elementor-element elementor-element-384b4aa elementor-shape-rounded elementor-grid-0 e-grid-align-center elementor-widget elementor-widget-social-icons\" data-id=\"384b4aa\" data-element_type=\"widget\" data-widget_type=\"social-icons.default\">\n\t\t\t\t<div class=\"elementor-widget-container\">\n\t\t\t<style>\/*! elementor - v3.7.6 - 15-09-2022 *\/\n.elementor-widget-social-icons.elementor-grid-0 .elementor-widget-container,.elementor-widget-social-icons.elementor-grid-mobile-0 .elementor-widget-container,.elementor-widget-social-icons.elementor-grid-tablet-0 .elementor-widget-container{line-height:1;font-size:0}.elementor-widget-social-icons:not(.elementor-grid-0):not(.elementor-grid-tablet-0):not(.elementor-grid-mobile-0) .elementor-grid{display:inline-grid}.elementor-widget-social-icons .elementor-grid{grid-column-gap:var(--grid-column-gap,5px);grid-row-gap:var(--grid-row-gap,5px);grid-template-columns:var(--grid-template-columns);-webkit-box-pack:var(--justify-content,center);-ms-flex-pack:var(--justify-content,center);justify-content:var(--justify-content,center);justify-items:var(--justify-content,center)}.elementor-icon.elementor-social-icon{font-size:var(--icon-size,25px);line-height:var(--icon-size,25px);width:calc(var(--icon-size, 25px) + (2 * var(--icon-padding, .5em)));height:calc(var(--icon-size, 25px) + (2 * var(--icon-padding, .5em)))}.elementor-social-icon{--e-social-icon-icon-color:#fff;display:-webkit-inline-box;display:-ms-inline-flexbox;display:inline-flex;background-color:#818a91;-webkit-box-align:center;-ms-flex-align:center;align-items:center;-webkit-box-pack:center;-ms-flex-pack:center;justify-content:center;text-align:center;cursor:pointer}.elementor-social-icon i{color:var(--e-social-icon-icon-color)}.elementor-social-icon svg{fill:var(--e-social-icon-icon-color)}.elementor-social-icon:last-child{margin:0}.elementor-social-icon:hover{opacity:.9;color:#fff}.elementor-social-icon-android{background-color:#a4c639}.elementor-social-icon-apple{background-color:#999}.elementor-social-icon-behance{background-color:#1769ff}.elementor-social-icon-bitbucket{background-color:#205081}.elementor-social-icon-codepen{background-color:#000}.elementor-social-icon-delicious{background-color:#39f}.elementor-social-icon-deviantart{background-color:#05cc47}.elementor-social-icon-digg{background-color:#005be2}.elementor-social-icon-dribbble{background-color:#ea4c89}.elementor-social-icon-elementor{background-color:#d30c5c}.elementor-social-icon-envelope{background-color:#ea4335}.elementor-social-icon-facebook,.elementor-social-icon-facebook-f{background-color:#3b5998}.elementor-social-icon-flickr{background-color:#0063dc}.elementor-social-icon-foursquare{background-color:#2d5be3}.elementor-social-icon-free-code-camp,.elementor-social-icon-freecodecamp{background-color:#006400}.elementor-social-icon-github{background-color:#333}.elementor-social-icon-gitlab{background-color:#e24329}.elementor-social-icon-globe{background-color:#818a91}.elementor-social-icon-google-plus,.elementor-social-icon-google-plus-g{background-color:#dd4b39}.elementor-social-icon-houzz{background-color:#7ac142}.elementor-social-icon-instagram{background-color:#262626}.elementor-social-icon-jsfiddle{background-color:#487aa2}.elementor-social-icon-link{background-color:#818a91}.elementor-social-icon-linkedin,.elementor-social-icon-linkedin-in{background-color:#0077b5}.elementor-social-icon-medium{background-color:#00ab6b}.elementor-social-icon-meetup{background-color:#ec1c40}.elementor-social-icon-mixcloud{background-color:#273a4b}.elementor-social-icon-odnoklassniki{background-color:#f4731c}.elementor-social-icon-pinterest{background-color:#bd081c}.elementor-social-icon-product-hunt{background-color:#da552f}.elementor-social-icon-reddit{background-color:#ff4500}.elementor-social-icon-rss{background-color:#f26522}.elementor-social-icon-shopping-cart{background-color:#4caf50}.elementor-social-icon-skype{background-color:#00aff0}.elementor-social-icon-slideshare{background-color:#0077b5}.elementor-social-icon-snapchat{background-color:#fffc00}.elementor-social-icon-soundcloud{background-color:#f80}.elementor-social-icon-spotify{background-color:#2ebd59}.elementor-social-icon-stack-overflow{background-color:#fe7a15}.elementor-social-icon-steam{background-color:#00adee}.elementor-social-icon-stumbleupon{background-color:#eb4924}.elementor-social-icon-telegram{background-color:#2ca5e0}.elementor-social-icon-thumb-tack{background-color:#1aa1d8}.elementor-social-icon-tripadvisor{background-color:#589442}.elementor-social-icon-tumblr{background-color:#35465c}.elementor-social-icon-twitch{background-color:#6441a5}.elementor-social-icon-twitter{background-color:#1da1f2}.elementor-social-icon-viber{background-color:#665cac}.elementor-social-icon-vimeo{background-color:#1ab7ea}.elementor-social-icon-vk{background-color:#45668e}.elementor-social-icon-weibo{background-color:#dd2430}.elementor-social-icon-weixin{background-color:#31a918}.elementor-social-icon-whatsapp{background-color:#25d366}.elementor-social-icon-wordpress{background-color:#21759b}.elementor-social-icon-xing{background-color:#026466}.elementor-social-icon-yelp{background-color:#af0606}.elementor-social-icon-youtube{background-color:#cd201f}.elementor-social-icon-500px{background-color:#0099e5}.elementor-shape-rounded .elementor-icon.elementor-social-icon{border-radius:10%}.elementor-shape-circle .elementor-icon.elementor-social-icon{border-radius:50%}<\/style>\t\t<div class=\"elementor-social-icons-wrapper elementor-grid\">\n\t\t\t\t\t\t\t<span class=\"elementor-grid-item\">\n\t\t\t\t\t<a class=\"elementor-icon elementor-social-icon elementor-social-icon-facebook elementor-repeater-item-44cdf4f\" target=\"_blank\">\n\t\t\t\t\t\t<span class=\"elementor-screen-only\">Facebook<\/span>\n\t\t\t\t\t\t<i class=\"fab fa-facebook\"><\/i>\t\t\t\t\t<\/a>\n\t\t\t\t<\/span>\n\t\t\t\t\t\t\t<span class=\"elementor-grid-item\">\n\t\t\t\t\t<a class=\"elementor-icon elementor-social-icon elementor-social-icon-twitter elementor-repeater-item-2149b4b\" target=\"_blank\">\n\t\t\t\t\t\t<span class=\"elementor-screen-only\">Twitter<\/span>\n\t\t\t\t\t\t<i class=\"fab fa-twitter\"><\/i>\t\t\t\t\t<\/a>\n\t\t\t\t<\/span>\n\t\t\t\t\t\t\t<span class=\"elementor-grid-item\">\n\t\t\t\t\t<a class=\"elementor-icon elementor-social-icon elementor-social-icon-youtube elementor-repeater-item-f8dc3f3\" target=\"_blank\">\n\t\t\t\t\t\t<span class=\"elementor-screen-only\">Youtube<\/span>\n\t\t\t\t\t\t<i class=\"fab fa-youtube\"><\/i>\t\t\t\t\t<\/a>\n\t\t\t\t<\/span>\n\t\t\t\t\t<\/div>\n\t\t\t\t<\/div>\n\t\t\t\t<\/div>\n\t\t\t\t\t<\/div>\n\t\t<\/div>\n\t\t\t\t\t\t\t<\/div>\n\t\t<\/section>\n\t\t\t\t\t\t\t<\/div>\n\t\t","protected":false},"excerpt":{"rendered":"<p>Integrada na campanha mundial, organizada pela Funda\u00e7\u00e3o Pontif\u00edcia Ajuda \u00e0 Igreja que Sofre (AIS), as crian\u00e7as do nosso col\u00e9gio foram desafiadas a participar tamb\u00e9m, no dia 18 de outubro, nesta iniciativa &#8220;Um milh\u00e3o de Crian\u00e7as rezam o Ter\u00e7o&#8221;. O cartaz da campanha de ora\u00e7\u00e3o apresenta, este ano, duas m\u00e3os abertas que envolvem o globo e [&hellip;]<\/p>\n","protected":false},"author":9,"featured_media":5638,"comment_status":"closed","ping_status":"open","sticky":false,"template":"","format":"standard","meta":{"footnotes":""},"categories":[1],"tags":[],"class_list":["post-5637","post","type-post","status-publish","format-standard","has-post-thumbnail","hentry","category-noticias"],"_links":{"self":[{"href":"https:\/\/cnsb.pt\/index.php?rest_route=\/wp\/v2\/posts\/5637","targetHints":{"allow":["GET"]}}],"collection":[{"href":"https:\/\/cnsb.pt\/index.php?rest_route=\/wp\/v2\/posts"}],"about":[{"href":"https:\/\/cnsb.pt\/index.php?rest_route=\/wp\/v2\/types\/post"}],"author":[{"embeddable":true,"href":"https:\/\/cnsb.pt\/index.php?rest_route=\/wp\/v2\/users\/9"}],"replies":[{"embeddable":true,"href":"https:\/\/cnsb.pt\/index.php?rest_route=%2Fwp%2Fv2%2Fcomments&post=5637"}],"version-history":[{"count":7,"href":"https:\/\/cnsb.pt\/index.php?rest_route=\/wp\/v2\/posts\/5637\/revisions"}],"predecessor-version":[{"id":5708,"href":"https:\/\/cnsb.pt\/index.php?rest_route=\/wp\/v2\/posts\/5637\/revisions\/5708"}],"wp:featuredmedia":[{"embeddable":true,"href":"https:\/\/cnsb.pt\/index.php?rest_route=\/wp\/v2\/media\/5638"}],"wp:attachment":[{"href":"https:\/\/cnsb.pt\/index.php?rest_route=%2Fwp%2Fv2%2Fmedia&parent=5637"}],"wp:term":[{"taxonomy":"category","embeddable":true,"href":"https:\/\/cnsb.pt\/index.php?rest_route=%2Fwp%2Fv2%2Fcategories&post=5637"},{"taxonomy":"post_tag","embeddable":true,"href":"https:\/\/cnsb.pt\/index.php?rest_route=%2Fwp%2Fv2%2Ftags&post=5637"}],"curies":[{"name":"wp","href":"https:\/\/api.w.org\/{rel}","templated":true}]}}