{"id":5023,"date":"2022-09-16T13:33:02","date_gmt":"2022-09-16T13:33:02","guid":{"rendered":"https:\/\/cnsb.pt\/?p=5023"},"modified":"2022-10-12T21:36:07","modified_gmt":"2022-10-12T21:36:07","slug":"humanizar-iluminar-e-criar-futuros-felizes","status":"publish","type":"post","link":"https:\/\/cnsb.pt\/?p=5023","title":{"rendered":"Humanizar, iluminar e criar futuros felizes"},"content":{"rendered":"\n<p><\/p>\n\n\n\n<p>Onde? Aqui, no Col\u00e9gio Nossa Senhora da Bonan\u00e7a. Esta \u00e9 a miss\u00e3o que iniciamos neste m\u00eas de setembro com e para os nossos alunos!<\/p>\n\n\n\n<p>No dia 5, as salas e os corredores da \u201cCasa\u201d da Creche e do Pr\u00e9-Escolar vestiram-se em tons de festa. Educadoras e Auxiliares de Educa\u00e7\u00e3o carinhosamente receberam as crian\u00e7as. Os sorrisos e o colo ajudaram-nas (talvez at\u00e9 mais aos pais) ao reencontro ou a enfrentar o primeiro dia, o tal do resto das nossas vidas. Houve atividades e brincadeiras e ficou a promessa de, ao longo do ano, este grupo nos levar numa viagem de descoberta do nosso pa\u00eds.<\/p>\n\n\n\n<p>A 9 de setembro, foi a vez de regressarem ao Col\u00e9gio os nossos alunos do 1.\u00ba Ciclo. Foram recebidos com o lema: \u201cAqui vais brilhar\u201d. E n\u00e3o \u00e9 que brilharam mesmo? Sorrisos, sorrisos e mais sorrisos, nas brincadeiras, nas pinturas, nos jogos, nos abra\u00e7os aos amigos e \u00e0s professoras e, sobretudo, nos saltos e escorregadelas nos insufl\u00e1veis. Tiveram um dia \u00e0 sua medida, um dia para esgotar baterias e regressar a casa com aquele cansa\u00e7o bom.<\/p>\n\n\n\n<p>Mas o brilho do nosso Col\u00e9gio s\u00f3 atingiu o seu esplendor com a chegada dos mais crescidos no dia 12: os alunos do 2.\u00ba e 3.\u00ba ciclos e do ensino secund\u00e1rio. Cada turma foi acolhida pelo Diretor de Turma e outros professores, e recebeu a visita do Diretor Pedag\u00f3gico para uma mensagem de boas-vindas. No decorrer da manh\u00e3 ou da tarde, houve momentos de partilha de experi\u00eancias, de informa\u00e7\u00e3o e tamb\u00e9m de brincadeira para todos se conhecerem melhor e fortalecerem o esp\u00edrito de equipa. Se para a maioria dos alunos foi um dia de reencontros, para alguns foi a estreia no nosso Col\u00e9gio. Se para a maioria \u00e9 o continuar de um ciclo, para alguns \u00e9 o in\u00edcio de uma nova etapa. Todos, e cada um, t\u00eam para n\u00f3s o seu brilho especial. Foi esta uma das mensagens da Irm\u00e3 Cid\u00e1lia, a nossa Diretora Administrativa, num momento hist\u00f3rico, que j\u00e1 n\u00e3o se realizava h\u00e1 60 anos: os alunos viveram um momento de interioridade e celebra\u00e7\u00e3o na capela, onde se procedeu \u00e0 entrega dos novos crucifixos. Em cada sala de aula, a nova cruz l\u00e1 estar\u00e1, com Cristo de bra\u00e7os abertos, como um marco e um guia no nosso caminho de humanizar, iluminar e criar futuros felizes.<\/p>\n\n\n\n<p>Um Bom Ano a toda a fam\u00edlia CNSB!<\/p>\n\n\n<div class=\"wp-block-image\">\n<figure class=\"aligncenter size-large\"><img loading=\"lazy\" decoding=\"async\" width=\"1024\" height=\"1024\" src=\"https:\/\/cnsb.pt\/wp-content\/uploads\/2022\/09\/306610409_598883685348921_2188593071680309581_n-1024x1024.jpg\" alt=\"\" class=\"wp-image-5024\" srcset=\"https:\/\/cnsb.pt\/wp-content\/uploads\/2022\/09\/306610409_598883685348921_2188593071680309581_n-1024x1024.jpg 1024w, https:\/\/cnsb.pt\/wp-content\/uploads\/2022\/09\/306610409_598883685348921_2188593071680309581_n-300x300.jpg 300w, https:\/\/cnsb.pt\/wp-content\/uploads\/2022\/09\/306610409_598883685348921_2188593071680309581_n-150x150.jpg 150w, https:\/\/cnsb.pt\/wp-content\/uploads\/2022\/09\/306610409_598883685348921_2188593071680309581_n-768x768.jpg 768w, https:\/\/cnsb.pt\/wp-content\/uploads\/2022\/09\/306610409_598883685348921_2188593071680309581_n-1536x1536.jpg 1536w, https:\/\/cnsb.pt\/wp-content\/uploads\/2022\/09\/306610409_598883685348921_2188593071680309581_n.jpg 1564w\" sizes=\"auto, (max-width: 1024px) 100vw, 1024px\" \/><figcaption>Primeiro dia de aulas no CNSB<\/figcaption><\/figure>\n<\/div>\n\n\n<p><\/p>\n","protected":false},"excerpt":{"rendered":"<p>Onde? Aqui, no Col\u00e9gio Nossa Senhora da Bonan\u00e7a. Esta \u00e9 a miss\u00e3o que iniciamos neste m\u00eas de setembro com e para os nossos alunos! No dia 5, as salas e os corredores da \u201cCasa\u201d da Creche e do Pr\u00e9-Escolar vestiram-se em tons de festa. Educadoras e Auxiliares de Educa\u00e7\u00e3o carinhosamente receberam as crian\u00e7as. Os sorrisos [&hellip;]<\/p>\n","protected":false},"author":9,"featured_media":427,"comment_status":"closed","ping_status":"open","sticky":true,"template":"","format":"standard","meta":{"footnotes":""},"categories":[16,1],"tags":[57],"class_list":["post-5023","post","type-post","status-publish","format-standard","has-post-thumbnail","hentry","category-dias-comemorativos","category-noticias","tag-primeiro-dia"],"_links":{"self":[{"href":"https:\/\/cnsb.pt\/index.php?rest_route=\/wp\/v2\/posts\/5023","targetHints":{"allow":["GET"]}}],"collection":[{"href":"https:\/\/cnsb.pt\/index.php?rest_route=\/wp\/v2\/posts"}],"about":[{"href":"https:\/\/cnsb.pt\/index.php?rest_route=\/wp\/v2\/types\/post"}],"author":[{"embeddable":true,"href":"https:\/\/cnsb.pt\/index.php?rest_route=\/wp\/v2\/users\/9"}],"replies":[{"embeddable":true,"href":"https:\/\/cnsb.pt\/index.php?rest_route=%2Fwp%2Fv2%2Fcomments&post=5023"}],"version-history":[{"count":3,"href":"https:\/\/cnsb.pt\/index.php?rest_route=\/wp\/v2\/posts\/5023\/revisions"}],"predecessor-version":[{"id":5561,"href":"https:\/\/cnsb.pt\/index.php?rest_route=\/wp\/v2\/posts\/5023\/revisions\/5561"}],"wp:featuredmedia":[{"embeddable":true,"href":"https:\/\/cnsb.pt\/index.php?rest_route=\/wp\/v2\/media\/427"}],"wp:attachment":[{"href":"https:\/\/cnsb.pt\/index.php?rest_route=%2Fwp%2Fv2%2Fmedia&parent=5023"}],"wp:term":[{"taxonomy":"category","embeddable":true,"href":"https:\/\/cnsb.pt\/index.php?rest_route=%2Fwp%2Fv2%2Fcategories&post=5023"},{"taxonomy":"post_tag","embeddable":true,"href":"https:\/\/cnsb.pt\/index.php?rest_route=%2Fwp%2Fv2%2Ftags&post=5023"}],"curies":[{"name":"wp","href":"https:\/\/api.w.org\/{rel}","templated":true}]}}