{"id":3819,"date":"2022-07-07T13:39:52","date_gmt":"2022-07-07T13:39:52","guid":{"rendered":"https:\/\/cnsb.pt\/?p=3819"},"modified":"2022-07-28T18:24:11","modified_gmt":"2022-07-28T18:24:11","slug":"dia-da-africa","status":"publish","type":"post","link":"https:\/\/cnsb.pt\/?p=3819","title":{"rendered":"Dia da \u00c1frica"},"content":{"rendered":"\n<p>No passado dia 20 de maio, realizou-se um jantar africano, na cantina do CNSB, para celebrar o Dia da \u00c1frica. Os nossos alunos africanos confecionaram v\u00e1rios pratos t\u00edpicos de Angola e da Guin\u00e9 e, para al\u00e9m do delicioso jantar, tamb\u00e9m brindaram os presentes com uma pe\u00e7a de teatro, onde retrataram v\u00e1rios aspetos da sua cultura.<\/p>\n\n\n<div class=\"wp-block-image\">\n<figure class=\"aligncenter size-full is-resized\"><img loading=\"lazy\" decoding=\"async\" src=\"https:\/\/cnsb.pt\/wp-content\/uploads\/2022\/07\/image-1.png\" alt=\"\" class=\"wp-image-3820\" width=\"306\" height=\"306\" srcset=\"https:\/\/cnsb.pt\/wp-content\/uploads\/2022\/07\/image-1.png 450w, https:\/\/cnsb.pt\/wp-content\/uploads\/2022\/07\/image-1-300x300.png 300w, https:\/\/cnsb.pt\/wp-content\/uploads\/2022\/07\/image-1-150x150.png 150w\" sizes=\"auto, (max-width: 306px) 100vw, 306px\" \/><\/figure>\n<\/div>\n\n\n<p>Posteriormente, no dia 25, para comemorar esta data, os nossos alunos quiseram dar a conhecer a toda a comunidade educativa um pouco da sua hist\u00f3ria e cultura, atrav\u00e9s de um v\u00eddeo realizado e editado por eles. No final da manh\u00e3, houve lugar a uma demonstra\u00e7\u00e3o de dan\u00e7as e m\u00fasicas africanas, bem como prova de alguns doces t\u00edpicos.<\/p>\n\n\n\n<p>Mais uma manh\u00e3 repleta de alegria e cultura! Esta iniciativa est\u00e1 inserida no projeto CNSB Intercultural \u2013 Hospitalidade e Educa\u00e7\u00e3o 2.0, financiado pelo FAMI.<\/p>\n\n\n\n<p>Professora Elisabete Rodrigues<\/p>\n\n\n\n<figure class=\"wp-block-image\"><img decoding=\"async\" src=\"https:\/\/cnsb.pt\/uploads\/FAMI_barra_5_logotipos.png\" alt=\"\"\/><\/figure>\n\n\n\n<p>[2022-07-05]<\/p>\n","protected":false},"excerpt":{"rendered":"<p>No passado dia 20 de maio, realizou-se um jantar africano, na cantina do CNSB, para celebrar o Dia da \u00c1frica. Os nossos alunos africanos confecionaram v\u00e1rios pratos t\u00edpicos de Angola e da Guin\u00e9 e, para al\u00e9m do delicioso jantar, tamb\u00e9m brindaram os presentes com uma pe\u00e7a de teatro, onde retrataram v\u00e1rios aspetos da sua cultura. [&hellip;]<\/p>\n","protected":false},"author":1,"featured_media":3821,"comment_status":"closed","ping_status":"open","sticky":false,"template":"","format":"standard","meta":{"footnotes":""},"categories":[16],"tags":[],"class_list":["post-3819","post","type-post","status-publish","format-standard","has-post-thumbnail","hentry","category-dias-comemorativos"],"_links":{"self":[{"href":"https:\/\/cnsb.pt\/index.php?rest_route=\/wp\/v2\/posts\/3819","targetHints":{"allow":["GET"]}}],"collection":[{"href":"https:\/\/cnsb.pt\/index.php?rest_route=\/wp\/v2\/posts"}],"about":[{"href":"https:\/\/cnsb.pt\/index.php?rest_route=\/wp\/v2\/types\/post"}],"author":[{"embeddable":true,"href":"https:\/\/cnsb.pt\/index.php?rest_route=\/wp\/v2\/users\/1"}],"replies":[{"embeddable":true,"href":"https:\/\/cnsb.pt\/index.php?rest_route=%2Fwp%2Fv2%2Fcomments&post=3819"}],"version-history":[{"count":1,"href":"https:\/\/cnsb.pt\/index.php?rest_route=\/wp\/v2\/posts\/3819\/revisions"}],"predecessor-version":[{"id":3822,"href":"https:\/\/cnsb.pt\/index.php?rest_route=\/wp\/v2\/posts\/3819\/revisions\/3822"}],"wp:featuredmedia":[{"embeddable":true,"href":"https:\/\/cnsb.pt\/index.php?rest_route=\/wp\/v2\/media\/3821"}],"wp:attachment":[{"href":"https:\/\/cnsb.pt\/index.php?rest_route=%2Fwp%2Fv2%2Fmedia&parent=3819"}],"wp:term":[{"taxonomy":"category","embeddable":true,"href":"https:\/\/cnsb.pt\/index.php?rest_route=%2Fwp%2Fv2%2Fcategories&post=3819"},{"taxonomy":"post_tag","embeddable":true,"href":"https:\/\/cnsb.pt\/index.php?rest_route=%2Fwp%2Fv2%2Ftags&post=3819"}],"curies":[{"name":"wp","href":"https:\/\/api.w.org\/{rel}","templated":true}]}}