{"id":3706,"date":"2022-06-13T23:07:36","date_gmt":"2022-06-13T23:07:36","guid":{"rendered":"https:\/\/cnsb.pt\/?p=3706"},"modified":"2022-07-28T18:34:15","modified_gmt":"2022-07-28T18:34:15","slug":"rezar-com-o-papa-francisco","status":"publish","type":"post","link":"https:\/\/cnsb.pt\/?p=3706","title":{"rendered":"Rezar com o Papa Francisco"},"content":{"rendered":"\n<p>Cada m\u00eas, o Santo Padre prop\u00f5e inten\u00e7\u00f5es de ora\u00e7\u00e3o a todos os crist\u00e3os, pelos desafios que considera mais importantes para o mundo e para a Igreja. O Passo-a-Rezar disponibiliza um ficheiro mensal que ajuda a rezar por esta inten\u00e7\u00e3o. Ao fazer isto, estar\u00e1s a fazer parte desta rede mundial de ora\u00e7\u00e3o, composta por mais de 40 milh\u00f5es de pessoas que fazem parte da Rede Mundial de Ora\u00e7\u00e3o do Papa (Apostolado da Ora\u00e7\u00e3o), que tem como miss\u00e3o rezar e divulgar estas inten\u00e7\u00f5es.<\/p>\n\n\n\n<iframe loading=\"lazy\" width=\"100%\" height=\"600\" scrolling=\"no\" frameborder=\"no\" allow=\"autoplay\" src=\"https:\/\/w.soundcloud.com\/player\/?url=https%3A\/\/api.soundcloud.com\/playlists\/20488728&amp;color=%23ff5500&amp;auto_play=false&amp;hide_related=false&amp;show_comments=true&amp;show_user=true&amp;show_reposts=false&amp;show_teaser=true&amp;visual=true\"><\/iframe><div style=\"font-size: 10px; color: #cccccc;line-break: anywhere;word-break: normal;overflow: hidden;white-space: nowrap;text-overflow: ellipsis; font-family: Interstate,Lucida Grande,Lucida Sans Unicode,Lucida Sans,Garuda,Verdana,Tahoma,sans-serif;font-weight: 100;\"><a href=\"https:\/\/soundcloud.com\/passo-a-rezar\" title=\"PASSO A REZAR\" target=\"_blank\" style=\"color: #cccccc; text-decoration: none;\" rel=\"noopener\">PASSO A REZAR<\/a> \u00b7 <a href=\"https:\/\/soundcloud.com\/passo-a-rezar\/sets\/rezar-com-o-papa-francisco\" title=\"Rezar com o Papa Francisco\" target=\"_blank\" style=\"color: #cccccc; text-decoration: none;\" rel=\"noopener\">Rezar com o Papa Francisco<\/a><\/div>\n","protected":false},"excerpt":{"rendered":"<p>Cada m\u00eas, o Santo Padre prop\u00f5e inten\u00e7\u00f5es de ora\u00e7\u00e3o a todos os crist\u00e3os, pelos desafios que considera mais importantes para o mundo e para a Igreja. O Passo-a-Rezar disponibiliza um ficheiro mensal que ajuda a rezar por esta inten\u00e7\u00e3o. Ao fazer isto, estar\u00e1s a fazer parte desta rede mundial de ora\u00e7\u00e3o, composta por mais de [&hellip;]<\/p>\n","protected":false},"author":1,"featured_media":3707,"comment_status":"closed","ping_status":"open","sticky":false,"template":"","format":"standard","meta":{"footnotes":""},"categories":[1],"tags":[],"class_list":["post-3706","post","type-post","status-publish","format-standard","has-post-thumbnail","hentry","category-noticias"],"_links":{"self":[{"href":"https:\/\/cnsb.pt\/index.php?rest_route=\/wp\/v2\/posts\/3706","targetHints":{"allow":["GET"]}}],"collection":[{"href":"https:\/\/cnsb.pt\/index.php?rest_route=\/wp\/v2\/posts"}],"about":[{"href":"https:\/\/cnsb.pt\/index.php?rest_route=\/wp\/v2\/types\/post"}],"author":[{"embeddable":true,"href":"https:\/\/cnsb.pt\/index.php?rest_route=\/wp\/v2\/users\/1"}],"replies":[{"embeddable":true,"href":"https:\/\/cnsb.pt\/index.php?rest_route=%2Fwp%2Fv2%2Fcomments&post=3706"}],"version-history":[{"count":4,"href":"https:\/\/cnsb.pt\/index.php?rest_route=\/wp\/v2\/posts\/3706\/revisions"}],"predecessor-version":[{"id":3713,"href":"https:\/\/cnsb.pt\/index.php?rest_route=\/wp\/v2\/posts\/3706\/revisions\/3713"}],"wp:featuredmedia":[{"embeddable":true,"href":"https:\/\/cnsb.pt\/index.php?rest_route=\/wp\/v2\/media\/3707"}],"wp:attachment":[{"href":"https:\/\/cnsb.pt\/index.php?rest_route=%2Fwp%2Fv2%2Fmedia&parent=3706"}],"wp:term":[{"taxonomy":"category","embeddable":true,"href":"https:\/\/cnsb.pt\/index.php?rest_route=%2Fwp%2Fv2%2Fcategories&post=3706"},{"taxonomy":"post_tag","embeddable":true,"href":"https:\/\/cnsb.pt\/index.php?rest_route=%2Fwp%2Fv2%2Ftags&post=3706"}],"curies":[{"name":"wp","href":"https:\/\/api.w.org\/{rel}","templated":true}]}}