{"id":3230,"date":"2018-02-17T17:29:28","date_gmt":"2018-02-17T17:29:28","guid":{"rendered":"https:\/\/cnsb.pt\/?p=3230"},"modified":"2022-05-06T17:29:42","modified_gmt":"2022-05-06T17:29:42","slug":"viagem-de-finalistas-2018","status":"publish","type":"post","link":"https:\/\/cnsb.pt\/?p=3230","title":{"rendered":"Viagem de finalistas 2018"},"content":{"rendered":"\n<p>A t\u00e3o esperada viagem de finalistas do 12\u00ba ano iniciou-se \u00e0s 5:30h do dia 12 de fevereiro de 2018. O entusiasmo era vis\u00edvel em cada um dos alunos, professores (Joana Nunes e Ricardo Pinto) e acompanhantes (Ir. Cid\u00e1lia e Ir. Maria das Dores), dado que em algumas horas estar\u00edamos a pisar territ\u00f3rio de Budapeste, a famosa capital h\u00fangara.<\/p>\n\n\n\n<p>&nbsp;&nbsp;&nbsp;&nbsp;&nbsp;&nbsp;&nbsp;&nbsp;&nbsp;&nbsp;&nbsp; A viagem foi feita via Lisboa, e por volta das 15:30h j\u00e1 nos encontr\u00e1vamos no autocarro rumo \u00e0 nossa \u201ccasa\u201d durante os pr\u00f3ximos dias \u2013 o Ibis Centrum hotel. No centro da cidade, paramos no famoso caf\u00e9 Hard Rock e compr\u00e1mos as primeiras lembran\u00e7as. Uma vez tiradas as primeiras impress\u00f5es da capital, fomos para o restaurante onde jantar\u00edamos tamb\u00e9m nas noites seguintes- o Kaltenberg \u2013 com direito a m\u00fasica ao vivo, nomeadamente v\u00e1rias pe\u00e7as de violino.<\/p>\n\n\n\n<p>&nbsp;&nbsp;&nbsp;&nbsp;&nbsp;&nbsp;&nbsp;&nbsp;&nbsp;&nbsp;&nbsp; O segundo dia foi bastante completo, tendo come\u00e7ado com a visita ao Castelo de Buda, \u00e0 igreja de S. Matias e ao famoso Basti\u00e3o dos Pescadores. Apesar do frio indiscrit\u00edvel e a neve que ca\u00eda, o grupo manteve a mesma boa disposi\u00e7\u00e3o, com a ajuda de uma bebida quente antes da pr\u00f3xima paragem. Depois, um pouco mais aquecidos, partimos em dire\u00e7\u00e3o ao Castelo Varosliget, conhecido pela sua arquitetura fant\u00e1stica, localizado junto das famosas termas de Sz\u00e9chenyi e do maior ringue de patinagem no gelo da Europa, e ainda dos mais antigos, no parque Varosliget. Tanto a ida \u00e0s termas como a ida \u00e0 patinagem foram pontos altos de toda a viagem, terminando-se, assim, as visitas do dia da melhor forma.<\/p>\n\n\n\n<p>&nbsp;&nbsp;&nbsp;&nbsp;&nbsp;&nbsp;&nbsp;&nbsp;&nbsp;&nbsp;&nbsp; O dia 14 de fevereiro come\u00e7ou bem cedo para o grupo, com visita guiada ao luxuoso Parlamento de Budapeste. Seguindo a marginal do rio Dan\u00fabio, deparamo-nos com o memorial &#8220;Sapatos \u00e0s Margens do Dan\u00fabio&#8221;, em homenagem aos judeus mortos durante a guerra. Os mais aventureiros atravessaram a emblem\u00e1tica ponte Sz\u00e9chenyi L\u00e1nch\u00edd, tal era o vento e o frio, e, uma vez reunidos de novo, fomos almo\u00e7ar ao centro. Mais tarde, tivemos a oportunidade de fazer um passeio de barco no Dan\u00fabio, um dos momentos mais bonitos da viagem, gra\u00e7as \u00e0 espl\u00eandida vista da cidade coberta de luzes.<\/p>\n\n\n\n<p>&nbsp;&nbsp;&nbsp;&nbsp;&nbsp;&nbsp;&nbsp;&nbsp;&nbsp;&nbsp;&nbsp; A \u00faltima manh\u00e3 foi passada no Mercado Central de Budapeste, onde foram compradas as \u00faltimas lembran\u00e7as. Da\u00ed fomos diretamente para o aeroporto, e, bastante tempo depois (dado alguns atrasos inesperados&#8230;), j\u00e1 pis\u00e1vamos territ\u00f3rio lusitano.<\/p>\n\n\n\n<p>&nbsp;&nbsp;&nbsp;&nbsp;&nbsp;&nbsp;&nbsp;&nbsp;&nbsp;&nbsp;&nbsp; Sem d\u00favida que a viagem ficou marcada na mem\u00f3ria de cada um de n\u00f3s, e desde j\u00e1 quer\u00edamos agradecer tanto \u00e0 guia Teresa que nos acompanhou durante toda esta aventura e se mostrou sempre disposta a ajudar, como aos professores que muita paci\u00eancia e boa disposi\u00e7\u00e3o tiveram para connosco (ao contr\u00e1rio dos h\u00fangaros)! Guardaremos cada momento que passamos com muito carinho!<\/p>\n\n\n\n<p>Marta Cardoso<br>12.2<\/p>\n\n\n\n<p>[2018-02-17]<\/p>\n","protected":false},"excerpt":{"rendered":"<p>A t\u00e3o esperada viagem de finalistas do 12\u00ba ano iniciou-se \u00e0s 5:30h do dia 12 de fevereiro de 2018. O entusiasmo era vis\u00edvel em cada um dos alunos, professores (Joana Nunes e Ricardo Pinto) e acompanhantes (Ir. Cid\u00e1lia e Ir. Maria das Dores), dado que em algumas horas estar\u00edamos a pisar territ\u00f3rio de Budapeste, a [&hellip;]<\/p>\n","protected":false},"author":1,"featured_media":3231,"comment_status":"closed","ping_status":"open","sticky":false,"template":"","format":"standard","meta":{"footnotes":""},"categories":[15],"tags":[],"class_list":["post-3230","post","type-post","status-publish","format-standard","has-post-thumbnail","hentry","category-eventos"],"_links":{"self":[{"href":"https:\/\/cnsb.pt\/index.php?rest_route=\/wp\/v2\/posts\/3230","targetHints":{"allow":["GET"]}}],"collection":[{"href":"https:\/\/cnsb.pt\/index.php?rest_route=\/wp\/v2\/posts"}],"about":[{"href":"https:\/\/cnsb.pt\/index.php?rest_route=\/wp\/v2\/types\/post"}],"author":[{"embeddable":true,"href":"https:\/\/cnsb.pt\/index.php?rest_route=\/wp\/v2\/users\/1"}],"replies":[{"embeddable":true,"href":"https:\/\/cnsb.pt\/index.php?rest_route=%2Fwp%2Fv2%2Fcomments&post=3230"}],"version-history":[{"count":1,"href":"https:\/\/cnsb.pt\/index.php?rest_route=\/wp\/v2\/posts\/3230\/revisions"}],"predecessor-version":[{"id":3232,"href":"https:\/\/cnsb.pt\/index.php?rest_route=\/wp\/v2\/posts\/3230\/revisions\/3232"}],"wp:featuredmedia":[{"embeddable":true,"href":"https:\/\/cnsb.pt\/index.php?rest_route=\/wp\/v2\/media\/3231"}],"wp:attachment":[{"href":"https:\/\/cnsb.pt\/index.php?rest_route=%2Fwp%2Fv2%2Fmedia&parent=3230"}],"wp:term":[{"taxonomy":"category","embeddable":true,"href":"https:\/\/cnsb.pt\/index.php?rest_route=%2Fwp%2Fv2%2Fcategories&post=3230"},{"taxonomy":"post_tag","embeddable":true,"href":"https:\/\/cnsb.pt\/index.php?rest_route=%2Fwp%2Fv2%2Ftags&post=3230"}],"curies":[{"name":"wp","href":"https:\/\/api.w.org\/{rel}","templated":true}]}}