{"id":3219,"date":"2018-04-18T17:02:48","date_gmt":"2018-04-18T17:02:48","guid":{"rendered":"https:\/\/cnsb.pt\/?p=3219"},"modified":"2022-05-06T17:03:08","modified_gmt":"2022-05-06T17:03:08","slug":"chanson-en-scene-vi","status":"publish","type":"post","link":"https:\/\/cnsb.pt\/?p=3219","title":{"rendered":"Chanson en sc\u00e8ne VI"},"content":{"rendered":"\n<p>Vendredi dernier, le 13 mai, notre coll\u00e8ge a \u00e9t\u00e9 l\u00b4\u00e9cole d\u2019accueil du Spectacle R\u00e9gional du Nord de&nbsp;<em>La Chanson en Sc\u00e8ne VI,<\/em>&nbsp;spectacle organis\u00e9 par l\u2019Association Portugaise de Professeurs de Fran\u00e7ais, APPF. Nous avons eu la pr\u00e9sence de trois troupes: Les courageuses du Agrupamento de Escolas Gomes Monteiro, Boticas&nbsp;; Les Petits Com\u00e9diens du Agrupamento de Escolas de Padre Benjamim Salgado, Vila Nova de Famalic\u00e3o et R\u00eave du Col\u00e9gio Nossa Senhora da Bonan\u00e7a. Nous avons eu, aussi, la pr\u00e9sence de trois invit\u00e9s qui ont \u00e9valu\u00e9 les Mises-en-Sc\u00e8ne des trois troupes: Madame Maria Fernanda Ant\u00f3nio, repr\u00e9sentante de l\u2019APPF de Lisbonne&nbsp;; Monsieur Rui Andrade, Areal Editores et Mademoiselle In\u00eas Novais, actrice.<\/p>\n\n\n\n<p>Quelques \u00e9l\u00e8ves de 8<sup>\u00e8me<\/sup>, 9<sup>\u00e8me<\/sup>&nbsp;et 10<sup>\u00e8me<\/sup>&nbsp;ann\u00e9es ont pr\u00e9par\u00e9 l\u2019animation et la pr\u00e9sentation de l\u2019apr\u00e8s-midi avec des moments de po\u00e9sie, musique et danse, en fran\u00e7ais.&nbsp; \u00c0 la fin du spectacle, tous les participants ont \u00e9t\u00e9 invit\u00e9s \u00e0 descendre au bar du coll\u00e8ge pour d\u00e9guster un petit go\u00fbter pr\u00e9par\u00e9 par la troupe du CNSB \u2013 les \u00e9l\u00e8ves de la classe 8<sup>\u00e8me<\/sup>&nbsp;B.<\/p>\n\n\n\n<p>Une apr\u00e8s-midi bien pass\u00e9e, o\u00f9 la langue fran\u00e7aise a \u00e9t\u00e9 la langue de communication.<\/p>\n\n\n\n<p>Prof Elisabete Rodrigue<\/p>\n\n\n\n<p>[2018-04-18]<\/p>\n","protected":false},"excerpt":{"rendered":"<p>Vendredi dernier, le 13 mai, notre coll\u00e8ge a \u00e9t\u00e9 l\u00b4\u00e9cole d\u2019accueil du Spectacle R\u00e9gional du Nord de&nbsp;La Chanson en Sc\u00e8ne VI,&nbsp;spectacle organis\u00e9 par l\u2019Association Portugaise de Professeurs de Fran\u00e7ais, APPF. Nous avons eu la pr\u00e9sence de trois troupes: Les courageuses du Agrupamento de Escolas Gomes Monteiro, Boticas&nbsp;; Les Petits Com\u00e9diens du Agrupamento de Escolas de [&hellip;]<\/p>\n","protected":false},"author":1,"featured_media":3220,"comment_status":"closed","ping_status":"open","sticky":false,"template":"","format":"standard","meta":{"footnotes":""},"categories":[15],"tags":[],"class_list":["post-3219","post","type-post","status-publish","format-standard","has-post-thumbnail","hentry","category-eventos"],"_links":{"self":[{"href":"https:\/\/cnsb.pt\/index.php?rest_route=\/wp\/v2\/posts\/3219","targetHints":{"allow":["GET"]}}],"collection":[{"href":"https:\/\/cnsb.pt\/index.php?rest_route=\/wp\/v2\/posts"}],"about":[{"href":"https:\/\/cnsb.pt\/index.php?rest_route=\/wp\/v2\/types\/post"}],"author":[{"embeddable":true,"href":"https:\/\/cnsb.pt\/index.php?rest_route=\/wp\/v2\/users\/1"}],"replies":[{"embeddable":true,"href":"https:\/\/cnsb.pt\/index.php?rest_route=%2Fwp%2Fv2%2Fcomments&post=3219"}],"version-history":[{"count":1,"href":"https:\/\/cnsb.pt\/index.php?rest_route=\/wp\/v2\/posts\/3219\/revisions"}],"predecessor-version":[{"id":3221,"href":"https:\/\/cnsb.pt\/index.php?rest_route=\/wp\/v2\/posts\/3219\/revisions\/3221"}],"wp:featuredmedia":[{"embeddable":true,"href":"https:\/\/cnsb.pt\/index.php?rest_route=\/wp\/v2\/media\/3220"}],"wp:attachment":[{"href":"https:\/\/cnsb.pt\/index.php?rest_route=%2Fwp%2Fv2%2Fmedia&parent=3219"}],"wp:term":[{"taxonomy":"category","embeddable":true,"href":"https:\/\/cnsb.pt\/index.php?rest_route=%2Fwp%2Fv2%2Fcategories&post=3219"},{"taxonomy":"post_tag","embeddable":true,"href":"https:\/\/cnsb.pt\/index.php?rest_route=%2Fwp%2Fv2%2Ftags&post=3219"}],"curies":[{"name":"wp","href":"https:\/\/api.w.org\/{rel}","templated":true}]}}