{"id":3215,"date":"2022-04-29T16:16:00","date_gmt":"2022-04-29T16:16:00","guid":{"rendered":"https:\/\/cnsb.pt\/?p=3215"},"modified":"2022-07-28T18:49:07","modified_gmt":"2022-07-28T18:49:07","slug":"x-encontro-nacional-de-estudantes-de-emrc","status":"publish","type":"post","link":"https:\/\/cnsb.pt\/?p=3215","title":{"rendered":"X Encontro Nacional de Estudantes de EMRC"},"content":{"rendered":"\n<p>Decorreu, no passado fim de semana, o X Encontro Nacional de Estudantes de EMRC do Ensino Secund\u00e1rio, na cidade-ber\u00e7o de Guimar\u00e3es, sob o lema \u201cNo Ber\u00e7o sou\u2026 Acolhido, mimado, nutrido!\u201d. Do Col\u00e9gio Nossa Senhora da Bonan\u00e7a, participaram dezanove alunos das turmas do d\u00e9cimo ano e dois professores.<\/p>\n\n\n\n<p>Que bem que todos n\u00f3s fomos acolhidos! Que bem soube, ap\u00f3s dois anos de paragem, devido \u00e0 pandemia, voltar a estar com os colegas de outras escolas, com amigos que se fazem de norte a sul de Portugal, com o mesmo Deus, que nos une e \u00e9 pai e m\u00e3e de todos.<\/p>\n\n\n\n<p>Foi bom ser mimado, com chuva \u00e9 certo, mas tamb\u00e9m com sol, com vento e com o Pe. Guilherme, para aquecer as gargantas e dar os primeiros pezinhos de dan\u00e7a e, tamb\u00e9m, gritar a plenos pulm\u00f5es as \u201cVoltas\u201d, \u201cMelodia da Saudade\u201d ou \u201cEspera\u201d, com o talentoso int\u00e9rprete Fernando Daniel.<\/p>\n\n\n\n<p>N\u00e3o se conseguiu a foto de grupo com o artista\u2026 mas, o espet\u00e1culo foi memor\u00e1vel e depois de se estenderem os sacos-cama, se encherem as almofadas e os colch\u00f5es, pudemos descansar\u2026 Isto era o que muitos pensavam e alguns fizeram. Contudo, para um grupo grande de bravos guerreiros, a noite era o \u00faltimo obst\u00e1culo a vencer e n\u00e3o h\u00e1 melhor espet\u00e1culo que ficar a ver os colegas a dormir e esperar o raiar do dia!!!!<\/p>\n\n\n\n<p>No s\u00e1bado, o desafio foi descobrir a cidade de Guimar\u00e3es, atrav\u00e9s de um jogo que levou alunos e professores do Pavilh\u00e3o Multiusos ao Parque de S. Mamede, para o almo\u00e7o no Pa\u00e7o do Duque, n\u00e3o sem antes passar pelo Largo Toural para tirar a foto junto ao D. Afonso Henriques, embalados pela anima\u00e7\u00e3o da\u00a0<em>Cercigui,\u00a0<\/em>dos<em>\u00a0Nicolinos\u00a0<\/em>e da Tuna\u00a0<em>Bombo\u00e9mia<\/em>.<\/p>\n\n\n\n<p>Concluindo, com as palavras do coordenador nacional, Dr. Fernando Moita, &#8220;A disciplina de EMRC aponta para os valores de alteridade, da solidariedade, do respeito, do cuidado pela casa comum, da ecologia integral, olhar-se, olhar o outro e o olhar o mundo\u201d.<\/p>\n\n\n\n<figure class=\"wp-block-image size-large is-resized\"><img loading=\"lazy\" decoding=\"async\" src=\"https:\/\/cnsb.pt\/wp-content\/uploads\/2022\/05\/EMRC-1-1024x1024.jpg\" alt=\"X Encontro Nacional de Estudantes de EMRC\" class=\"wp-image-3217\" width=\"533\" height=\"533\" srcset=\"https:\/\/cnsb.pt\/wp-content\/uploads\/2022\/05\/EMRC-1-1024x1024.jpg 1024w, https:\/\/cnsb.pt\/wp-content\/uploads\/2022\/05\/EMRC-1-300x300.jpg 300w, https:\/\/cnsb.pt\/wp-content\/uploads\/2022\/05\/EMRC-1-150x150.jpg 150w, https:\/\/cnsb.pt\/wp-content\/uploads\/2022\/05\/EMRC-1-768x768.jpg 768w, https:\/\/cnsb.pt\/wp-content\/uploads\/2022\/05\/EMRC-1.jpg 1080w\" sizes=\"auto, (max-width: 533px) 100vw, 533px\" \/><figcaption> <\/figcaption><\/figure>\n\n\n\n<p>Professor Rog\u00e9rio Alves<\/p>\n\n\n\n<p>[2022-04-29]<\/p>\n","protected":false},"excerpt":{"rendered":"<p>Decorreu, no passado fim de semana, o X Encontro Nacional de Estudantes de EMRC do Ensino Secund\u00e1rio, na cidade-ber\u00e7o de Guimar\u00e3es, sob o lema \u201cNo Ber\u00e7o sou\u2026 Acolhido, mimado, nutrido!\u201d. Do Col\u00e9gio Nossa Senhora da Bonan\u00e7a, participaram dezanove alunos das turmas do d\u00e9cimo ano e dois professores. Que bem que todos n\u00f3s fomos acolhidos! Que [&hellip;]<\/p>\n","protected":false},"author":1,"featured_media":3234,"comment_status":"closed","ping_status":"open","sticky":false,"template":"","format":"standard","meta":{"footnotes":""},"categories":[15],"tags":[],"class_list":["post-3215","post","type-post","status-publish","format-standard","has-post-thumbnail","hentry","category-eventos"],"_links":{"self":[{"href":"https:\/\/cnsb.pt\/index.php?rest_route=\/wp\/v2\/posts\/3215","targetHints":{"allow":["GET"]}}],"collection":[{"href":"https:\/\/cnsb.pt\/index.php?rest_route=\/wp\/v2\/posts"}],"about":[{"href":"https:\/\/cnsb.pt\/index.php?rest_route=\/wp\/v2\/types\/post"}],"author":[{"embeddable":true,"href":"https:\/\/cnsb.pt\/index.php?rest_route=\/wp\/v2\/users\/1"}],"replies":[{"embeddable":true,"href":"https:\/\/cnsb.pt\/index.php?rest_route=%2Fwp%2Fv2%2Fcomments&post=3215"}],"version-history":[{"count":6,"href":"https:\/\/cnsb.pt\/index.php?rest_route=\/wp\/v2\/posts\/3215\/revisions"}],"predecessor-version":[{"id":4288,"href":"https:\/\/cnsb.pt\/index.php?rest_route=\/wp\/v2\/posts\/3215\/revisions\/4288"}],"wp:featuredmedia":[{"embeddable":true,"href":"https:\/\/cnsb.pt\/index.php?rest_route=\/wp\/v2\/media\/3234"}],"wp:attachment":[{"href":"https:\/\/cnsb.pt\/index.php?rest_route=%2Fwp%2Fv2%2Fmedia&parent=3215"}],"wp:term":[{"taxonomy":"category","embeddable":true,"href":"https:\/\/cnsb.pt\/index.php?rest_route=%2Fwp%2Fv2%2Fcategories&post=3215"},{"taxonomy":"post_tag","embeddable":true,"href":"https:\/\/cnsb.pt\/index.php?rest_route=%2Fwp%2Fv2%2Ftags&post=3215"}],"curies":[{"name":"wp","href":"https:\/\/api.w.org\/{rel}","templated":true}]}}