{"id":2433,"date":"2018-04-17T12:20:31","date_gmt":"2018-04-17T12:20:31","guid":{"rendered":"https:\/\/cnsb.pt\/?p=2433"},"modified":"2022-04-25T12:20:42","modified_gmt":"2022-04-25T12:20:42","slug":"episodios-de-uma-visita-de-estudo","status":"publish","type":"post","link":"https:\/\/cnsb.pt\/?p=2433","title":{"rendered":"Epis\u00f3dios de uma visita de Estudo"},"content":{"rendered":"\n<p>No passado dia 17 de abril \u00e0s 7:30, os alunos dos d\u00e9cimo primeiro e d\u00e9cimo segundo anos partiram de autocarro at\u00e9 Sintra, onde chegaram por volta das 11:40h.<\/p>\n\n\n\n<p>Depois do almo\u00e7o, juntaram-se todos no sal\u00e3o nobre do Pal\u00e1cio das Valen\u00e7as para uma conversa preparat\u00f3ria do percurso Queirosiano que ia iniciar.<\/p>\n\n\n\n<p>Assim, alunos e professores dividiram-se em dois grupos acompanhados pelos respetivos guias e todos partiram em dire\u00e7\u00e3o a Seteais. Ao longo do percurso, pelas ruas estreitas, fomos seguindo o itiner\u00e1rio de Carlos da Maia, na companhia de Cruges, \u00e0 procura de Maria Eduarda. Perante o deslumbramento da paisagem, as horas foram fugindo, mas nos olhos ficou a beleza da vegeta\u00e7\u00e3o ex\u00f3tica, pretensamente selvagem, ao gosto da \u00e9poca, bem como o encontro no Hotel Nunes com Eusebiozinho, Palma Caval\u00e3o, as espanholas e as cenas da vida rom\u00e2ntica com Alencar.<\/p>\n\n\n\n<p>Ap\u00f3s as despedidas, n\u00e3o se podiam esquecer as queijadas e, por isso, houve um tempo de lazer para as fotografias e para os apetitosos travesseiros.&nbsp;&nbsp;Entretanto, j\u00e1 no autocarro que nos transportaria at\u00e9 \u00e0 bela cidade de Cascais, fomos \u201cro\u00e7ando a rama leve e perfumada das olaias floridas, o verde musgo e o murm\u00fario refrescante das fontes\u201d, deixando para tr\u00e1s o belo pal\u00e1cio da Pena.&nbsp;&nbsp;Mas, o dia s\u00f3 terminaria em Linda-a-Pastora, na casa m\u00e3e das Irm\u00e3s Franciscanas, onde ficamos alojados.<\/p>\n\n\n\n<p>No dia seguinte, ap\u00f3s o pequeno-almo\u00e7o, seguimos para Lisboa, pois esperava-nos uma visita guiada ao Pal\u00e1cio de Bel\u00e9m.&nbsp;&nbsp;No edif\u00edcio da Assembleia da Rep\u00fablica, foi explorada a hist\u00f3ria do monumento quinhentista, desde as salas dedicadas \u00e0s sess\u00f5es parlamentares \u00e0s tape\u00e7arias do Antigo Regime.<\/p>\n\n\n\n<p>\u00c0 tarde, ap\u00f3s uma breve refei\u00e7\u00e3o, assistimos a uma sess\u00e3o parlamentar. A\u00ed, pudemos assistir,&nbsp;<em>in loco<\/em>, \u00e0s interven\u00e7\u00f5es das comiss\u00f5es parlamentares ao Primeiro Ministro.<\/p>\n\n\n\n<p>J\u00e1 de sa\u00edda, fomos interpelados pelo Senhor Deputado Jo\u00e3o Paulo Correia, Presidente da Junta de Freguesia de Mafamude, que depois da sua interven\u00e7\u00e3o no Parlamento nos veio saudar e responder a algumas perguntas que lhe quiseram fazer.<\/p>\n\n\n\n<p>O regresso a Vila Nova de Gaia foi cerca das 22:00h, ficando, para mem\u00f3ria futura, as&nbsp;lembran\u00e7as de um para\u00edso rom\u00e2ntico, as personagens d\u2019 Os Maias e o quotidiano dos nossos pol\u00edticos.[2018-04-17]<\/p>\n","protected":false},"excerpt":{"rendered":"<p>No passado dia 17 de abril \u00e0s 7:30, os alunos dos d\u00e9cimo primeiro e d\u00e9cimo segundo anos partiram de autocarro at\u00e9 Sintra, onde chegaram por volta das 11:40h. Depois do almo\u00e7o, juntaram-se todos no sal\u00e3o nobre do Pal\u00e1cio das Valen\u00e7as para uma conversa preparat\u00f3ria do percurso Queirosiano que ia iniciar. Assim, alunos e professores dividiram-se [&hellip;]<\/p>\n","protected":false},"author":1,"featured_media":2434,"comment_status":"closed","ping_status":"open","sticky":false,"template":"","format":"standard","meta":{"footnotes":""},"categories":[15],"tags":[],"class_list":["post-2433","post","type-post","status-publish","format-standard","has-post-thumbnail","hentry","category-eventos"],"_links":{"self":[{"href":"https:\/\/cnsb.pt\/index.php?rest_route=\/wp\/v2\/posts\/2433","targetHints":{"allow":["GET"]}}],"collection":[{"href":"https:\/\/cnsb.pt\/index.php?rest_route=\/wp\/v2\/posts"}],"about":[{"href":"https:\/\/cnsb.pt\/index.php?rest_route=\/wp\/v2\/types\/post"}],"author":[{"embeddable":true,"href":"https:\/\/cnsb.pt\/index.php?rest_route=\/wp\/v2\/users\/1"}],"replies":[{"embeddable":true,"href":"https:\/\/cnsb.pt\/index.php?rest_route=%2Fwp%2Fv2%2Fcomments&post=2433"}],"version-history":[{"count":1,"href":"https:\/\/cnsb.pt\/index.php?rest_route=\/wp\/v2\/posts\/2433\/revisions"}],"predecessor-version":[{"id":2435,"href":"https:\/\/cnsb.pt\/index.php?rest_route=\/wp\/v2\/posts\/2433\/revisions\/2435"}],"wp:featuredmedia":[{"embeddable":true,"href":"https:\/\/cnsb.pt\/index.php?rest_route=\/wp\/v2\/media\/2434"}],"wp:attachment":[{"href":"https:\/\/cnsb.pt\/index.php?rest_route=%2Fwp%2Fv2%2Fmedia&parent=2433"}],"wp:term":[{"taxonomy":"category","embeddable":true,"href":"https:\/\/cnsb.pt\/index.php?rest_route=%2Fwp%2Fv2%2Fcategories&post=2433"},{"taxonomy":"post_tag","embeddable":true,"href":"https:\/\/cnsb.pt\/index.php?rest_route=%2Fwp%2Fv2%2Ftags&post=2433"}],"curies":[{"name":"wp","href":"https:\/\/api.w.org\/{rel}","templated":true}]}}