{"id":2427,"date":"2018-05-21T12:17:43","date_gmt":"2018-05-21T12:17:43","guid":{"rendered":"https:\/\/cnsb.pt\/?p=2427"},"modified":"2022-04-25T12:17:56","modified_gmt":"2022-04-25T12:17:56","slug":"mais-uma-vez-houve-festa-no-cnsb","status":"publish","type":"post","link":"https:\/\/cnsb.pt\/?p=2427","title":{"rendered":"Mais uma vez houve festa no CNSB!"},"content":{"rendered":"\n<p>Foi no passado dia 21 de maio que, juntando o final das comemora\u00e7\u00f5es dos 90 anos do CNSB com os 175 anos do nascimento da Fundadora da Congrega\u00e7\u00e3o das Irm\u00e3s Franciscanas Hospitaleiras da Imaculada Concei\u00e7\u00e3o, o Col\u00e9gio,&nbsp;<em>com toda a simplicidade<\/em>, como \u00e9 seu apan\u00e1gio, no dizer da Superiora, Ir. Maria Cid\u00e1lia Ara\u00fajo, celebrou, na parte da manh\u00e3, com a presen\u00e7a da dire\u00e7\u00e3o, professores, alunos e encarregados de educa\u00e7\u00e3o, tal efem\u00e9ride reunindo-se no p\u00e1tio de S. Francisco.<\/p>\n\n\n\n<p>Este momento celebrativo iniciou-se com uma ora\u00e7\u00e3o em comum, em louvor da fundadora, ap\u00f3s o que foram atribu\u00eddos os pr\u00e9mios a todos os que participaram no concurso &#8220;<em>Amores-Perfeitos para M\u00e3e<\/em>&nbsp;<em>Clara&#8221;<\/em>, que fora aberto a alunos e suas fam\u00edlias, desde o pr\u00e9-escolar ao secund\u00e1rio. Tamb\u00e9m a nossa classe de ballet abrilhantou o momento com uma dan\u00e7a alusiva ao tema&nbsp;<em>amor-perfeito<\/em>, flor preferida da Fundadora, porque remetia para o&nbsp;<em>amor<\/em>&nbsp;pelos outros e&nbsp;<em>perfeito<\/em>&nbsp;como deve ser o amor-doa\u00e7\u00e3o.&nbsp;<em>Onde houver o bem a fazer que se fa\u00e7a,&nbsp;<\/em>palavras que refletem, ainda hoje, a sua a\u00e7\u00e3o junto dos mais necessitados.<\/p>\n\n\n\n<p>Ao fim do dia, assistimos a uma disserta\u00e7\u00e3o subordinada ao tema&nbsp;<em>&#8220;Ide\u00e1rio Educativo da CONFHIC &#8211; Lucere et Fovere&#8221;<\/em>, proferida pela Professora Doutora Ana S\u00edlvia Albuquerque de Oliveira Allegro de Magalh\u00e3es, sobrinha-bisneta da Fundadora, em que foi feita uma partilha sobre o Ide\u00e1rio Educativo da Escola Franciscana a partir dos escritos da M\u00e3e Clara.&nbsp; Esteve ainda connosco uma sobrinha-neta da Fundadora, Maria Ester Albuquerque, o que muito nos honrou.<\/p>\n\n\n\n<p>Ora, por que queremos que o exemplo da a\u00e7\u00e3o da Beata Maria Clara seja perpetuado pelos que passam pelo col\u00e9gio, neste como noutros&nbsp;<em>momentos singelos<\/em>, mas cheios de significado, pomos &nbsp;todo o nosso empenho e dedica\u00e7\u00e3o, no sentido de dignificarmos a nossa Fundadora.<\/p>\n\n\n\n<p><br>Prof. Ermelinda Freitas<\/p>\n\n\n\n<p>[2018-05-21]<\/p>\n","protected":false},"excerpt":{"rendered":"<p>Foi no passado dia 21 de maio que, juntando o final das comemora\u00e7\u00f5es dos 90 anos do CNSB com os 175 anos do nascimento da Fundadora da Congrega\u00e7\u00e3o das Irm\u00e3s Franciscanas Hospitaleiras da Imaculada Concei\u00e7\u00e3o, o Col\u00e9gio,&nbsp;com toda a simplicidade, como \u00e9 seu apan\u00e1gio, no dizer da Superiora, Ir. Maria Cid\u00e1lia Ara\u00fajo, celebrou, na parte [&hellip;]<\/p>\n","protected":false},"author":1,"featured_media":2428,"comment_status":"closed","ping_status":"open","sticky":false,"template":"","format":"standard","meta":{"footnotes":""},"categories":[15],"tags":[],"class_list":["post-2427","post","type-post","status-publish","format-standard","has-post-thumbnail","hentry","category-eventos"],"_links":{"self":[{"href":"https:\/\/cnsb.pt\/index.php?rest_route=\/wp\/v2\/posts\/2427","targetHints":{"allow":["GET"]}}],"collection":[{"href":"https:\/\/cnsb.pt\/index.php?rest_route=\/wp\/v2\/posts"}],"about":[{"href":"https:\/\/cnsb.pt\/index.php?rest_route=\/wp\/v2\/types\/post"}],"author":[{"embeddable":true,"href":"https:\/\/cnsb.pt\/index.php?rest_route=\/wp\/v2\/users\/1"}],"replies":[{"embeddable":true,"href":"https:\/\/cnsb.pt\/index.php?rest_route=%2Fwp%2Fv2%2Fcomments&post=2427"}],"version-history":[{"count":1,"href":"https:\/\/cnsb.pt\/index.php?rest_route=\/wp\/v2\/posts\/2427\/revisions"}],"predecessor-version":[{"id":2429,"href":"https:\/\/cnsb.pt\/index.php?rest_route=\/wp\/v2\/posts\/2427\/revisions\/2429"}],"wp:featuredmedia":[{"embeddable":true,"href":"https:\/\/cnsb.pt\/index.php?rest_route=\/wp\/v2\/media\/2428"}],"wp:attachment":[{"href":"https:\/\/cnsb.pt\/index.php?rest_route=%2Fwp%2Fv2%2Fmedia&parent=2427"}],"wp:term":[{"taxonomy":"category","embeddable":true,"href":"https:\/\/cnsb.pt\/index.php?rest_route=%2Fwp%2Fv2%2Fcategories&post=2427"},{"taxonomy":"post_tag","embeddable":true,"href":"https:\/\/cnsb.pt\/index.php?rest_route=%2Fwp%2Fv2%2Ftags&post=2427"}],"curies":[{"name":"wp","href":"https:\/\/api.w.org\/{rel}","templated":true}]}}