{"id":2418,"date":"2018-05-30T12:14:02","date_gmt":"2018-05-30T12:14:02","guid":{"rendered":"https:\/\/cnsb.pt\/?p=2418"},"modified":"2022-04-25T12:14:15","modified_gmt":"2022-04-25T12:14:15","slug":"dia-de-africa-2","status":"publish","type":"post","link":"https:\/\/cnsb.pt\/?p=2418","title":{"rendered":"Dia de \u00c1frica"},"content":{"rendered":"\n<p>Na passada sexta-feira, dia 25 de maio, o CNSB celebrou mais um Dia de \u00c1frica. A celebra\u00e7\u00e3o deste dia est\u00e1 inserida no Projeto \u2013 CNSB \u2013 Intercultural \u2013 Hospitalidade e Educa\u00e7\u00e3o financiado pelo FAMI.<\/p>\n\n\n\n<p>Ao longo do dia foi poss\u00edvel assistir a v\u00e1rios momentos, alusivos \u00e0 cultura africana. Logo pela manh\u00e3, a comunidade escolar pode apreciar os trajes t\u00edpicos africanos, uma vez que os alunos fizeram quest\u00e3o de se vestirem a rigor e lembrar a variedade cultural africana. A meio da manh\u00e3, a escola foi surpreendida pelo&nbsp;<em>flash mob,<\/em>&nbsp;organizado pelas alunas mais velhas, mas que contou com a colabora\u00e7\u00e3o das alunas mais novas, podendo toda a escola desfrutar dos ritmos da m\u00fasica africana. \u00c0 hora do almo\u00e7o, no refeit\u00f3rio, um grupo de alunos representou uma cena de um casamento africano, o que prendeu a aten\u00e7\u00e3o de todos os presentes. Da parte da tarde, a comunidade escolar p\u00f4de participar num&nbsp;<em>workshop<\/em>&nbsp;de dan\u00e7as africanas, dirigido por dois professores de dan\u00e7a que ensinaram aos mais ousados v\u00e1rios ritmos africanos. A tarde terminou com um lanche- conv\u00edvio aberto a toda comunidade, onde os presentes puderam deliciar-se com algumas iguarias africanas.<\/p>\n\n\n\n<p>Prof Elisabete Rodrigues<\/p>\n\n\n\n<figure class=\"wp-block-image\"><img decoding=\"async\" src=\"https:\/\/cnsb.pt\/uploads\/FAMI_barra_5_logotipos.png\" alt=\"\"\/><\/figure>\n\n\n\n<p>[2018-05-30]<\/p>\n","protected":false},"excerpt":{"rendered":"<p>Na passada sexta-feira, dia 25 de maio, o CNSB celebrou mais um Dia de \u00c1frica. A celebra\u00e7\u00e3o deste dia est\u00e1 inserida no Projeto \u2013 CNSB \u2013 Intercultural \u2013 Hospitalidade e Educa\u00e7\u00e3o financiado pelo FAMI. Ao longo do dia foi poss\u00edvel assistir a v\u00e1rios momentos, alusivos \u00e0 cultura africana. Logo pela manh\u00e3, a comunidade escolar pode [&hellip;]<\/p>\n","protected":false},"author":1,"featured_media":2419,"comment_status":"closed","ping_status":"open","sticky":false,"template":"","format":"standard","meta":{"footnotes":""},"categories":[16],"tags":[],"class_list":["post-2418","post","type-post","status-publish","format-standard","has-post-thumbnail","hentry","category-dias-comemorativos"],"_links":{"self":[{"href":"https:\/\/cnsb.pt\/index.php?rest_route=\/wp\/v2\/posts\/2418","targetHints":{"allow":["GET"]}}],"collection":[{"href":"https:\/\/cnsb.pt\/index.php?rest_route=\/wp\/v2\/posts"}],"about":[{"href":"https:\/\/cnsb.pt\/index.php?rest_route=\/wp\/v2\/types\/post"}],"author":[{"embeddable":true,"href":"https:\/\/cnsb.pt\/index.php?rest_route=\/wp\/v2\/users\/1"}],"replies":[{"embeddable":true,"href":"https:\/\/cnsb.pt\/index.php?rest_route=%2Fwp%2Fv2%2Fcomments&post=2418"}],"version-history":[{"count":1,"href":"https:\/\/cnsb.pt\/index.php?rest_route=\/wp\/v2\/posts\/2418\/revisions"}],"predecessor-version":[{"id":2420,"href":"https:\/\/cnsb.pt\/index.php?rest_route=\/wp\/v2\/posts\/2418\/revisions\/2420"}],"wp:featuredmedia":[{"embeddable":true,"href":"https:\/\/cnsb.pt\/index.php?rest_route=\/wp\/v2\/media\/2419"}],"wp:attachment":[{"href":"https:\/\/cnsb.pt\/index.php?rest_route=%2Fwp%2Fv2%2Fmedia&parent=2418"}],"wp:term":[{"taxonomy":"category","embeddable":true,"href":"https:\/\/cnsb.pt\/index.php?rest_route=%2Fwp%2Fv2%2Fcategories&post=2418"},{"taxonomy":"post_tag","embeddable":true,"href":"https:\/\/cnsb.pt\/index.php?rest_route=%2Fwp%2Fv2%2Ftags&post=2418"}],"curies":[{"name":"wp","href":"https:\/\/api.w.org\/{rel}","templated":true}]}}