{"id":1989,"date":"2018-09-26T19:22:29","date_gmt":"2018-09-26T19:22:29","guid":{"rendered":"https:\/\/cnsb.pt\/?p=1989"},"modified":"2022-04-23T19:24:27","modified_gmt":"2022-04-23T19:24:27","slug":"dia-europeu-das-linguas-2","status":"publish","type":"post","link":"https:\/\/cnsb.pt\/?p=1989","title":{"rendered":"Dia Europeu das L\u00ednguas"},"content":{"rendered":"\n<p>No dia 26 de setembro, comemorou-se o Dia Europeu das L\u00ednguas, institu\u00eddo pelo Conselho Europeu em 2001, de forma a valorizar e promover a aprendizagem das v\u00e1rias l\u00ednguas faladas no nosso continente, defendendo-as como mecanismos importantes para a compreens\u00e3o intercultural dos in\u00fameros pa\u00edses que constituem a Europa. Permitindo um curr\u00edculo mais rico a n\u00edvel de estudos e, assim, mais oportunidades de emprego, o plurilinguismo \u00e9 essencial no mundo de hoje.<\/p>\n\n\n\n<p>Atualmente, a celebra\u00e7\u00e3o deste dia prova, precisamente, que a Europa assume o compromisso n\u00e3o de criar barreiras, mas de abrir portas para os seus habitantes.<\/p>\n\n\n\n<p>Deste modo, o CNSB, mais uma vez, n\u00e3o podia ignorar este dia. Ali\u00e1s, tinha de lhe dedicar a inova\u00e7\u00e3o e originalidade que o caracterizam. E, para tal, v\u00e1rias aulas foram lecionadas de acordo com o projeto&nbsp;<em>CLIL<\/em>&nbsp;&#8211;&nbsp;<em>Content and Language Integrated Learning<\/em>&nbsp;-, ou seja, independentemente do conte\u00fado curricular que abordaram, o tema foi desenvolvido numa l\u00edngua estrangeira. Deste modo, professores de disciplinas cient\u00edficas como Matem\u00e1tica e F\u00edsico-Qu\u00edmica desafiaram os seus conhecimentos lingu\u00edsticos e explanaram a mat\u00e9ria em Ingl\u00eas e professores de l\u00ednguas revelaram as suas qualidades como poliglotas e expuseram a sua l\u00edngua num idioma distinto.<\/p>\n\n\n\n<p>Al\u00e9m disso, a decora\u00e7\u00e3o do Col\u00e9gio para este dia foi, tamb\u00e9m, um elemento de destaque. Na portaria, encontravam-se penduradas camisolas com elementos identificativos dos diferentes pa\u00edses europeus onde foram adquiridas e desenhos coloridos, realizados pelos alunos do 1.\u00ba Ciclo, preencheram as paredes do nosso col\u00e9gio, com frases t\u00edpicas dos v\u00e1rios pa\u00edses europeus.&nbsp;<\/p>\n\n\n\n<p>E assim decorreu, em beleza, a celebra\u00e7\u00e3o deste dia t\u00e3o importante!<\/p>\n\n\n\n<p>Ricardo Guerra<br>11.\u00ba 3<\/p>\n\n\n\n<p>[2018-09-26]<\/p>\n","protected":false},"excerpt":{"rendered":"<p>No dia 26 de setembro, comemorou-se o Dia Europeu das L\u00ednguas, institu\u00eddo pelo Conselho Europeu em 2001, de forma a valorizar e promover a aprendizagem das v\u00e1rias l\u00ednguas faladas no nosso continente, defendendo-as como mecanismos importantes para a compreens\u00e3o intercultural dos in\u00fameros pa\u00edses que constituem a Europa. Permitindo um curr\u00edculo mais rico a n\u00edvel de [&hellip;]<\/p>\n","protected":false},"author":1,"featured_media":1990,"comment_status":"closed","ping_status":"open","sticky":false,"template":"","format":"standard","meta":{"footnotes":""},"categories":[16],"tags":[],"class_list":["post-1989","post","type-post","status-publish","format-standard","has-post-thumbnail","hentry","category-dias-comemorativos"],"_links":{"self":[{"href":"https:\/\/cnsb.pt\/index.php?rest_route=\/wp\/v2\/posts\/1989","targetHints":{"allow":["GET"]}}],"collection":[{"href":"https:\/\/cnsb.pt\/index.php?rest_route=\/wp\/v2\/posts"}],"about":[{"href":"https:\/\/cnsb.pt\/index.php?rest_route=\/wp\/v2\/types\/post"}],"author":[{"embeddable":true,"href":"https:\/\/cnsb.pt\/index.php?rest_route=\/wp\/v2\/users\/1"}],"replies":[{"embeddable":true,"href":"https:\/\/cnsb.pt\/index.php?rest_route=%2Fwp%2Fv2%2Fcomments&post=1989"}],"version-history":[{"count":1,"href":"https:\/\/cnsb.pt\/index.php?rest_route=\/wp\/v2\/posts\/1989\/revisions"}],"predecessor-version":[{"id":1991,"href":"https:\/\/cnsb.pt\/index.php?rest_route=\/wp\/v2\/posts\/1989\/revisions\/1991"}],"wp:featuredmedia":[{"embeddable":true,"href":"https:\/\/cnsb.pt\/index.php?rest_route=\/wp\/v2\/media\/1990"}],"wp:attachment":[{"href":"https:\/\/cnsb.pt\/index.php?rest_route=%2Fwp%2Fv2%2Fmedia&parent=1989"}],"wp:term":[{"taxonomy":"category","embeddable":true,"href":"https:\/\/cnsb.pt\/index.php?rest_route=%2Fwp%2Fv2%2Fcategories&post=1989"},{"taxonomy":"post_tag","embeddable":true,"href":"https:\/\/cnsb.pt\/index.php?rest_route=%2Fwp%2Fv2%2Ftags&post=1989"}],"curies":[{"name":"wp","href":"https:\/\/api.w.org\/{rel}","templated":true}]}}