{"id":1986,"date":"2018-10-04T18:53:24","date_gmt":"2018-10-04T18:53:24","guid":{"rendered":"https:\/\/cnsb.pt\/?p=1986"},"modified":"2022-04-24T14:16:53","modified_gmt":"2022-04-24T14:16:53","slug":"sermao-de-santo-antonio-aos-peixes-uma-viagem-no-tempo","status":"publish","type":"post","link":"https:\/\/cnsb.pt\/?p=1986","title":{"rendered":"Serm\u00e3o de Santo Ant\u00f3nio aos Peixes: uma viagem no tempo!"},"content":{"rendered":"\n<p>O nosso col\u00e9gio viveu uma manh\u00e3 maravilhosa, no dia 4 de outubro. Com efeito, tudo come\u00e7ou, por volta das 10h30, no jardim de S\u00e3o Francisco onde toda a&nbsp; comunidade viveu um momento emocionante em honra do nosso Santo Padroeiro: S. Francisco.<\/p>\n\n\n\n<p>Num primeiro momento, a nossa Madre Superiora, Irm\u00e3 Salom\u00e9 Gon\u00e7alves, acolheu a comunidade, explicando um pouco da vida de S. Francisco e, de seguida, assistimos a uma interpreta\u00e7\u00e3o de uma cena in\u00e9dita, escrita pelo aluno Ricardo Guerra, 11.\u00ba 3, da vida de S\u00e3o Francisco, e representada pelos alunos R\u00faben Bastos e Firmino Oliveira do 11.\u00ba 1. No fim da encena\u00e7\u00e3o, todas as nossas vozes se uniram e, mais uma vez, a nossa \u201ccasa\u201d registou mais um dia feliz!<\/p>\n\n\n\n<p>No entanto, a manh\u00e3 ainda n\u00e3o tinha acabado para o 11.\u00ba ano, pois esperava-nos uma abordagem interpretativa do Serm\u00e3o de Santo Ant\u00f3nio aos Peixes, realizada de um modo t\u00e3o sublime e veros\u00edmil, t\u00e3o objetiva e frontal, que conquistou a aten\u00e7\u00e3o dos alunos de in\u00edcio ao fim da representa\u00e7\u00e3o.<\/p>\n\n\n\n<p>Assim que entr\u00e1mos, na Capela do Col\u00e9gio, depar\u00e1mo-nos com uma m\u00fasica misteriosa a pairar no ar e um fato inusitado pendurado perto do altar. \u00c0 medida que nos \u00edamos sentando, um homem vestido de Padre, ia-nos acolhendo com um maravilhoso sorriso!<\/p>\n\n\n\n<p>Depois de todos acomodados, deu-se in\u00edcio a uma viagem no tempo! Marcelo Lafontana, personagem que encarnou a figura emblem\u00e1tica de Padre Ant\u00f3nio Vieira, primeiramente, fez uma pequena introdu\u00e7\u00e3o da vida do orador e, aproveitando o dia que viv\u00edamos, fic\u00e1mos a saber que Santo Ant\u00f3nio e S\u00e3o Francisco tinham ideais comuns. De seguida, o ator, num momento digno de filme, apareceu-nos com andas e vestido com o fato misterioso que, momentos antes, t\u00ednhamos visto pendurado no altar\u2026 um verdadeiro Padre, ou melhor, uma aut\u00eantica figura de autoridade, como se pretendia!<\/p>\n\n\n\n<p>Durante, aproximadamente, duas horas, todos os alunos do 11.\u00ba ano foram presenteados com uma atua\u00e7\u00e3o fant\u00e1stica do Serm\u00e3o. E, desta forma, os presentes, transfiguraram-se em \u201cpeixes\u201d e, professores, alunos e irm\u00e3s, foram o audit\u00f3rio do \u201cPadre Ant\u00f3nio Vieira\u201d. Era absolutamente proibido estarmos distra\u00eddos, porque o olhar atento do emissor logo nos interpelava. Deste modo, criou-se um ambiente profundo, acompanhado de sons aqu\u00e1ticos virtuais que faziam com que alguns de n\u00f3s, de vez em quando, nos assust\u00e1ssemos.<\/p>\n\n\n\n<p>No final, ainda tivemos tempo para algumas perguntas e para agradecer a oportunidade deste &nbsp;momento t\u00e3o gratificante que nos ir\u00e1 permitir uma otimiza\u00e7\u00e3o do estudo desta obra intemporal,&nbsp; \u201c<em>Vos estis sal terrae<\/em>!\u201d, ficar\u00e1 na mem\u00f3ria de todos.<\/p>\n\n\n\n<p>Rita Teixeira, 11.\u00ba1<\/p>\n\n\n\n<p>[2018-10-04]<\/p>\n","protected":false},"excerpt":{"rendered":"<p>O nosso col\u00e9gio viveu uma manh\u00e3 maravilhosa, no dia 4 de outubro. Com efeito, tudo come\u00e7ou, por volta das 10h30, no jardim de S\u00e3o Francisco onde toda a&nbsp; comunidade viveu um momento emocionante em honra do nosso Santo Padroeiro: S. Francisco. Num primeiro momento, a nossa Madre Superiora, Irm\u00e3 Salom\u00e9 Gon\u00e7alves, acolheu a comunidade, explicando [&hellip;]<\/p>\n","protected":false},"author":1,"featured_media":1988,"comment_status":"closed","ping_status":"open","sticky":false,"template":"","format":"standard","meta":{"footnotes":""},"categories":[15],"tags":[],"class_list":["post-1986","post","type-post","status-publish","format-standard","has-post-thumbnail","hentry","category-eventos"],"_links":{"self":[{"href":"https:\/\/cnsb.pt\/index.php?rest_route=\/wp\/v2\/posts\/1986","targetHints":{"allow":["GET"]}}],"collection":[{"href":"https:\/\/cnsb.pt\/index.php?rest_route=\/wp\/v2\/posts"}],"about":[{"href":"https:\/\/cnsb.pt\/index.php?rest_route=\/wp\/v2\/types\/post"}],"author":[{"embeddable":true,"href":"https:\/\/cnsb.pt\/index.php?rest_route=\/wp\/v2\/users\/1"}],"replies":[{"embeddable":true,"href":"https:\/\/cnsb.pt\/index.php?rest_route=%2Fwp%2Fv2%2Fcomments&post=1986"}],"version-history":[{"count":1,"href":"https:\/\/cnsb.pt\/index.php?rest_route=\/wp\/v2\/posts\/1986\/revisions"}],"predecessor-version":[{"id":1987,"href":"https:\/\/cnsb.pt\/index.php?rest_route=\/wp\/v2\/posts\/1986\/revisions\/1987"}],"wp:featuredmedia":[{"embeddable":true,"href":"https:\/\/cnsb.pt\/index.php?rest_route=\/wp\/v2\/media\/1988"}],"wp:attachment":[{"href":"https:\/\/cnsb.pt\/index.php?rest_route=%2Fwp%2Fv2%2Fmedia&parent=1986"}],"wp:term":[{"taxonomy":"category","embeddable":true,"href":"https:\/\/cnsb.pt\/index.php?rest_route=%2Fwp%2Fv2%2Fcategories&post=1986"},{"taxonomy":"post_tag","embeddable":true,"href":"https:\/\/cnsb.pt\/index.php?rest_route=%2Fwp%2Fv2%2Ftags&post=1986"}],"curies":[{"name":"wp","href":"https:\/\/api.w.org\/{rel}","templated":true}]}}