{"id":1983,"date":"2018-10-04T18:44:51","date_gmt":"2018-10-04T18:44:51","guid":{"rendered":"https:\/\/cnsb.pt\/?p=1983"},"modified":"2022-04-23T18:46:00","modified_gmt":"2022-04-23T18:46:00","slug":"dia-de-sao-francisco-2","status":"publish","type":"post","link":"https:\/\/cnsb.pt\/?p=1983","title":{"rendered":"Dia de S\u00e3o Francisco"},"content":{"rendered":"\n<p>O Dia dos Animais e do seu Patrono, S\u00e3o Francisco de Assis, festeja-se a 4 de outubro. Sendo este, tamb\u00e9m, o padroeiro da CONFHIC, \u00e9 natural que o seu dia seja celebrado todos os anos no nosso col\u00e9gio. Este ano letivo, 2018-19, n\u00e3o foi, portanto, uma exce\u00e7\u00e3o.<\/p>\n\n\n\n<p>A cerim\u00f3nia come\u00e7ou por volta das dez e meia, no jardim de S\u00e3o Francisco, em frente \u00e0 nossa capela, tendo contado com a presen\u00e7a de todos os alunos do Pr\u00e9-Escolar ao 12\u00ba ano, bem como muitos professores, Irm\u00e3s, funcion\u00e1rias e, \u00e9 claro, a est\u00e1tua do pr\u00f3prio Santo, que h\u00e1 v\u00e1rios meses vela por n\u00f3s e pelo jardim, com o seu olhar sereno e eterno.<\/p>\n\n\n\n<p>Depois de umas breves palavras, proferidas pela Madre Superiora, Ir. Salom\u00e9 Gon\u00e7alves, teve in\u00edcio uma simples, mas sentida representa\u00e7\u00e3o. Dirigida pela Irm\u00e3 Maria Celeste Guarda, escrita por Ricardo Guerra, 11.\u00ba3, e tendo, nos pap\u00e9is principais dois alunos do 11.\u00ba1, Ruben Barros, como Frade Jo\u00e3o, e Firmino Oliveira, como Francisco de Assis. Contou, ainda, com a participa\u00e7\u00e3o de v\u00e1rios rapazes do 11\u00ba ano, como figurantes, e de Diogo Barros e Nuno Pinto,12.\u00ba, a dobrar as vozes de ambos os frades, bem como a contribui\u00e7\u00e3o de Lu\u00edsa Maia, 10.\u00ba3, no papel de narradora.<\/p>\n\n\n\n<p>De seguida, alguns alunos do 7.\u00ba ao 9.\u00ba ano fizeram a leitura d<em>\u2019O C\u00e2ntico das Criaturas<\/em>, em homenagem \u00e0 figura celebrada neste dia, enquanto os alunos do 1\u00ba ao 4\u00ba ano afixavam, com a ajuda dos professores, imagens alusivas a esse jogral. Foi a vez dos alunos do 2\u00ba Ciclo brilharem, no coro, ao interpretarem a can\u00e7\u00e3o dedicada a S. Francisco, que j\u00e1 \u00e9 bem conhecida de todos. Contudo, os olhares estiveram quase sempre postos nos atores principais da pe\u00e7a, que animaram toda a cerim\u00f3nia com o seu bom- humor e capacidade de improviso.<\/p>\n\n\n\n<p>Chegou-se ao final da cerim\u00f3nia, mas n\u00e3o da anima\u00e7\u00e3o. \u00c0s onze e meia, come\u00e7ou uma outra encena\u00e7\u00e3o:&nbsp;<em>Payassu \u2013 O Verbo do Pai Grande<\/em>, pela companhia de teatro Lafontana \u2013 Formas Animadas. Trata-se da adapta\u00e7\u00e3o do&nbsp;<em>Serm\u00e3o de Santo Ant\u00f3nio aos Peixes<\/em>, do Padre Ant\u00f3nio Vieira, texto que faz parte das obras estudadas no 11.\u00ba ano, e portanto um conte\u00fado pass\u00edvel de sair no Exame Nacional de Portugu\u00eas, a realizar por todos os alunos, no 12.\u00ba ano. O texto \u00e9 um mon\u00f3logo, visto que um serm\u00e3o n\u00e3o tem personagens, apenas um orador e um audit\u00f3rio.<\/p>\n\n\n\n<p>O balan\u00e7o do dia foi positivo e as aten\u00e7\u00f5es j\u00e1 est\u00e3o voltadas para os pr\u00f3ximos eventos, como o&nbsp;<em>Caf\u00e9-Concerto<\/em>&nbsp;e o&nbsp;<em>Sarau G\u00edmnico<\/em>, que j\u00e1 ocupam a mente dos professores e dos alunos finalistas, qual Carnaval do Rio.<\/p>\n\n\n\n<p>Quem sabe o que eles nos estar\u00e3o a preparar?<\/p>\n\n\n\n<p><strong>Nuno Pinto N.\u00ba14 Turma 12.\u00ba1<\/strong><\/p>\n\n\n\n<p>[2018-10-04]<\/p>\n","protected":false},"excerpt":{"rendered":"<p>O Dia dos Animais e do seu Patrono, S\u00e3o Francisco de Assis, festeja-se a 4 de outubro. Sendo este, tamb\u00e9m, o padroeiro da CONFHIC, \u00e9 natural que o seu dia seja celebrado todos os anos no nosso col\u00e9gio. Este ano letivo, 2018-19, n\u00e3o foi, portanto, uma exce\u00e7\u00e3o. A cerim\u00f3nia come\u00e7ou por volta das dez e [&hellip;]<\/p>\n","protected":false},"author":1,"featured_media":1984,"comment_status":"closed","ping_status":"open","sticky":false,"template":"","format":"standard","meta":{"footnotes":""},"categories":[16],"tags":[],"class_list":["post-1983","post","type-post","status-publish","format-standard","has-post-thumbnail","hentry","category-dias-comemorativos"],"_links":{"self":[{"href":"https:\/\/cnsb.pt\/index.php?rest_route=\/wp\/v2\/posts\/1983","targetHints":{"allow":["GET"]}}],"collection":[{"href":"https:\/\/cnsb.pt\/index.php?rest_route=\/wp\/v2\/posts"}],"about":[{"href":"https:\/\/cnsb.pt\/index.php?rest_route=\/wp\/v2\/types\/post"}],"author":[{"embeddable":true,"href":"https:\/\/cnsb.pt\/index.php?rest_route=\/wp\/v2\/users\/1"}],"replies":[{"embeddable":true,"href":"https:\/\/cnsb.pt\/index.php?rest_route=%2Fwp%2Fv2%2Fcomments&post=1983"}],"version-history":[{"count":1,"href":"https:\/\/cnsb.pt\/index.php?rest_route=\/wp\/v2\/posts\/1983\/revisions"}],"predecessor-version":[{"id":1985,"href":"https:\/\/cnsb.pt\/index.php?rest_route=\/wp\/v2\/posts\/1983\/revisions\/1985"}],"wp:featuredmedia":[{"embeddable":true,"href":"https:\/\/cnsb.pt\/index.php?rest_route=\/wp\/v2\/media\/1984"}],"wp:attachment":[{"href":"https:\/\/cnsb.pt\/index.php?rest_route=%2Fwp%2Fv2%2Fmedia&parent=1983"}],"wp:term":[{"taxonomy":"category","embeddable":true,"href":"https:\/\/cnsb.pt\/index.php?rest_route=%2Fwp%2Fv2%2Fcategories&post=1983"},{"taxonomy":"post_tag","embeddable":true,"href":"https:\/\/cnsb.pt\/index.php?rest_route=%2Fwp%2Fv2%2Ftags&post=1983"}],"curies":[{"name":"wp","href":"https:\/\/api.w.org\/{rel}","templated":true}]}}