{"id":1975,"date":"2018-10-10T18:16:36","date_gmt":"2018-10-10T18:16:36","guid":{"rendered":"https:\/\/cnsb.pt\/?p=1975"},"modified":"2022-04-23T18:17:03","modified_gmt":"2022-04-23T18:17:03","slug":"dia-mundial-da-saude-mental-2","status":"publish","type":"post","link":"https:\/\/cnsb.pt\/?p=1975","title":{"rendered":"Dia Mundial da Sa\u00fade Mental"},"content":{"rendered":"\n<p>De modo a assinalar o Dia Mundial da Sa\u00fade Mental, o qual se celebra no dia dez de outubro, o Servi\u00e7o de Psicologia e Orienta\u00e7\u00e3o do Col\u00e9gio, pelo segundo ano consecutivo, proporcionou um Painel Multidisciplinar a toda a comunidade educativa. Tivemos a honra de contar com convidados, cujas interven\u00e7\u00f5es foram de excelente qualidade, a saber: \u00c2ngela Maganete, m\u00e9dica de Medicina Geral e Familiar; Carolina Vilano de Carvalho, l\u00edder certificada em Yoga do Riso \u2013 Risoterapia; Lu\u00eds Fernandes, professor na Faculdade de Psicologia e Ci\u00eancias da Educa\u00e7\u00e3o da Universidade do Porto \u2013 FPCEUP; Matilde Almeida, docente do Ensino B\u00e1sico e Secund\u00e1rio e autora de manuais escolares e Paula S\u00e1, psic\u00f3loga cl\u00ednica.<\/p>\n\n\n\n<p>Este ano o tema em an\u00e1lise foi&nbsp;<em>Como crescer e aprender numa sociedade de pensamento acelerado e cada vez mais parceira do digital?<\/em><\/p>\n\n\n\n<p>Depois de uma breve introdu\u00e7\u00e3o, a partir do conceito de&nbsp;<em>S\u00edndroma do Pensamento Acelerado<\/em>&nbsp;de Augusto Cury, cada um dos convidados partilhou preocupa\u00e7\u00f5es, experi\u00eancias e sugest\u00f5es de interven\u00e7\u00e3o. Procurou-se, a par de um rigoroso enquadramento cient\u00edfico, apresentar situa\u00e7\u00f5es reais, de modo a valorizar tanto o papel da escola como a import\u00e2ncia da fam\u00edlia, porque todos devemos ser cuidadores e promotores de sa\u00fade psicol\u00f3gica. De seguida, houve espa\u00e7o para debate e troca de impress\u00f5es com os pais presentes.<\/p>\n\n\n\n<p>Sublinhamos a import\u00e2ncia do tema tratado, como promotor de atitudes positivas e preventivas.<\/p>\n\n\n\n<p>Um bem-haja a todos os que participaram neste ser\u00e3o de encontro e di\u00e1logos inacabados, onde prevaleceu a consci\u00eancia de que todos precisamos de aprender a desacelerar o pensamento\u2026.<\/p>\n\n\n\n<figure class=\"wp-block-image\"><img decoding=\"async\" src=\"https:\/\/cnsb.pt\/uploads\/noticias\/IMG_3400.JPG\" alt=\"Dia Mundial da Sa\u00fade Mental\"\/><\/figure>\n\n\n\n<p>[2018-10-10]<\/p>\n","protected":false},"excerpt":{"rendered":"<p>De modo a assinalar o Dia Mundial da Sa\u00fade Mental, o qual se celebra no dia dez de outubro, o Servi\u00e7o de Psicologia e Orienta\u00e7\u00e3o do Col\u00e9gio, pelo segundo ano consecutivo, proporcionou um Painel Multidisciplinar a toda a comunidade educativa. Tivemos a honra de contar com convidados, cujas interven\u00e7\u00f5es foram de excelente qualidade, a saber: [&hellip;]<\/p>\n","protected":false},"author":1,"featured_media":1977,"comment_status":"closed","ping_status":"open","sticky":false,"template":"","format":"standard","meta":{"footnotes":""},"categories":[16],"tags":[],"class_list":["post-1975","post","type-post","status-publish","format-standard","has-post-thumbnail","hentry","category-dias-comemorativos"],"_links":{"self":[{"href":"https:\/\/cnsb.pt\/index.php?rest_route=\/wp\/v2\/posts\/1975","targetHints":{"allow":["GET"]}}],"collection":[{"href":"https:\/\/cnsb.pt\/index.php?rest_route=\/wp\/v2\/posts"}],"about":[{"href":"https:\/\/cnsb.pt\/index.php?rest_route=\/wp\/v2\/types\/post"}],"author":[{"embeddable":true,"href":"https:\/\/cnsb.pt\/index.php?rest_route=\/wp\/v2\/users\/1"}],"replies":[{"embeddable":true,"href":"https:\/\/cnsb.pt\/index.php?rest_route=%2Fwp%2Fv2%2Fcomments&post=1975"}],"version-history":[{"count":1,"href":"https:\/\/cnsb.pt\/index.php?rest_route=\/wp\/v2\/posts\/1975\/revisions"}],"predecessor-version":[{"id":1978,"href":"https:\/\/cnsb.pt\/index.php?rest_route=\/wp\/v2\/posts\/1975\/revisions\/1978"}],"wp:featuredmedia":[{"embeddable":true,"href":"https:\/\/cnsb.pt\/index.php?rest_route=\/wp\/v2\/media\/1977"}],"wp:attachment":[{"href":"https:\/\/cnsb.pt\/index.php?rest_route=%2Fwp%2Fv2%2Fmedia&parent=1975"}],"wp:term":[{"taxonomy":"category","embeddable":true,"href":"https:\/\/cnsb.pt\/index.php?rest_route=%2Fwp%2Fv2%2Fcategories&post=1975"},{"taxonomy":"post_tag","embeddable":true,"href":"https:\/\/cnsb.pt\/index.php?rest_route=%2Fwp%2Fv2%2Ftags&post=1975"}],"curies":[{"name":"wp","href":"https:\/\/api.w.org\/{rel}","templated":true}]}}