{"id":1942,"date":"2018-12-14T17:52:57","date_gmt":"2018-12-14T17:52:57","guid":{"rendered":"https:\/\/cnsb.pt\/?p=1942"},"modified":"2022-04-19T17:54:18","modified_gmt":"2022-04-19T17:54:18","slug":"partilha-do-advento","status":"publish","type":"post","link":"https:\/\/cnsb.pt\/?p=1942","title":{"rendered":"Partilha do Advento"},"content":{"rendered":"\n<p>Os alunos do Col\u00e9gio de Nossa Senhora da Bonan\u00e7a viveram o per\u00edodo do Advento, em partilha com os menos favorecidos, tanto em termos materiais, como em afeto. Assim, no m\u00eas de dezembro, experienciaram-se momentos de verdadeira solidariedade com o envolvimento em campanhas de recolha de alimentos e conv\u00edvio com os mais carenciados.<\/p>\n\n\n\n<p>Desta forma, todos os alunos se empenharam em reunir alimentos para serem distribu\u00eddos \u00e0s fam\u00edlias em dificuldades. Com o resultado da campanha, fizeram-se cabazes que foram repartidos pelas fam\u00edlias necessitadas que, habitualmente, procuram ajuda no Col\u00e9gio, n\u00e3o s\u00f3 nesta \u00e9poca natal\u00edcia, mas que beneficiam deste acompanhamento solid\u00e1rio, ao longo de todo o ano. Neste m\u00eas, tamb\u00e9m o Pr\u00e9-escolar, acompanhado pela coordenadora, colaborou na entrega dos donativos recolhidos para estas fam\u00edlias.<\/p>\n\n\n\n<p>Para al\u00e9m desta oferta, houve tamb\u00e9m a recolha e entrega de alimentos na Casa de Sa\u00fade da Boavista, onde as nossas Irm\u00e3s Franciscanas, ao servi\u00e7o dos \u201cpobres\u201d, servem refei\u00e7\u00f5es di\u00e1rias aos sem-abrigo, bem como facilitam que estes tenham a possibilidade de fazer a sua higiene pessoal, nomeadamente tomar banho e mudar de roupa.<\/p>\n\n\n\n<p>Neste contexto, no dia 14 de dezembro, alguns alunos do Secund\u00e1rio deslocaram-se \u00e0 Casa de Sa\u00fade da Boavista para, pessoalmente, partilharem os alimentos e acompanharem o servi\u00e7o de refei\u00e7\u00f5es. Tiveram a oportunidade de conversar com a Irm\u00e3 respons\u00e1vel que explicou, resumidamente, o que a institui\u00e7\u00e3o faz todos os dias junto destes utentes, ficarando a saber que s\u00e3o servidas cerca de 130 refei\u00e7\u00f5es di\u00e1rias na hora de almo\u00e7o. &nbsp;<\/p>\n\n\n\n<p>Desta experi\u00eancia \u00fanica, resultou o desejo e a vontade de repetir e alargar, se poss\u00edvel, a institui\u00e7\u00f5es mais pr\u00f3ximas do Col\u00e9gio. Foi um momento marcante para todos, os visitantes e visitados. Como \u00e9 f\u00e1cil partilhar e fazer os outros mais felizes!<\/p>\n\n\n\n<p>E assim\u2026 \u201cOnde houver o bem a fazer que se fa\u00e7a\u201d, como nos ensina a M\u00e3e Clara, foi uma a\u00e7\u00e3o concretizada em pleno, fazendo jus ao nosso lema \u201cEducar para humanizar\u201d.<\/p>\n\n\n\n<figure class=\"wp-block-image is-resized\"><img loading=\"lazy\" decoding=\"async\" src=\"https:\/\/cnsb.pt\/uploads\/noticias\/advento.jpg\" alt=\"Partilha do Advento\" width=\"375\" height=\"375\"\/><\/figure>\n\n\n\n<p>Francisco Costa, 11\u00ba Ano[2018-12-14]<\/p>\n","protected":false},"excerpt":{"rendered":"<p>Os alunos do Col\u00e9gio de Nossa Senhora da Bonan\u00e7a viveram o per\u00edodo do Advento, em partilha com os menos favorecidos, tanto em termos materiais, como em afeto. Assim, no m\u00eas de dezembro, experienciaram-se momentos de verdadeira solidariedade com o envolvimento em campanhas de recolha de alimentos e conv\u00edvio com os mais carenciados. Desta forma, todos [&hellip;]<\/p>\n","protected":false},"author":1,"featured_media":1943,"comment_status":"closed","ping_status":"open","sticky":false,"template":"","format":"standard","meta":{"footnotes":""},"categories":[14],"tags":[],"class_list":["post-1942","post","type-post","status-publish","format-standard","has-post-thumbnail","hentry","category-solidariedade"],"_links":{"self":[{"href":"https:\/\/cnsb.pt\/index.php?rest_route=\/wp\/v2\/posts\/1942","targetHints":{"allow":["GET"]}}],"collection":[{"href":"https:\/\/cnsb.pt\/index.php?rest_route=\/wp\/v2\/posts"}],"about":[{"href":"https:\/\/cnsb.pt\/index.php?rest_route=\/wp\/v2\/types\/post"}],"author":[{"embeddable":true,"href":"https:\/\/cnsb.pt\/index.php?rest_route=\/wp\/v2\/users\/1"}],"replies":[{"embeddable":true,"href":"https:\/\/cnsb.pt\/index.php?rest_route=%2Fwp%2Fv2%2Fcomments&post=1942"}],"version-history":[{"count":1,"href":"https:\/\/cnsb.pt\/index.php?rest_route=\/wp\/v2\/posts\/1942\/revisions"}],"predecessor-version":[{"id":1944,"href":"https:\/\/cnsb.pt\/index.php?rest_route=\/wp\/v2\/posts\/1942\/revisions\/1944"}],"wp:featuredmedia":[{"embeddable":true,"href":"https:\/\/cnsb.pt\/index.php?rest_route=\/wp\/v2\/media\/1943"}],"wp:attachment":[{"href":"https:\/\/cnsb.pt\/index.php?rest_route=%2Fwp%2Fv2%2Fmedia&parent=1942"}],"wp:term":[{"taxonomy":"category","embeddable":true,"href":"https:\/\/cnsb.pt\/index.php?rest_route=%2Fwp%2Fv2%2Fcategories&post=1942"},{"taxonomy":"post_tag","embeddable":true,"href":"https:\/\/cnsb.pt\/index.php?rest_route=%2Fwp%2Fv2%2Ftags&post=1942"}],"curies":[{"name":"wp","href":"https:\/\/api.w.org\/{rel}","templated":true}]}}