{"id":1621,"date":"2019-05-10T15:36:29","date_gmt":"2019-05-10T15:36:29","guid":{"rendered":"https:\/\/cnsb.pt\/?p=1621"},"modified":"2022-04-18T15:37:15","modified_gmt":"2022-04-18T15:37:15","slug":"celebracao-pascal","status":"publish","type":"post","link":"https:\/\/cnsb.pt\/?p=1621","title":{"rendered":"CELEBRA\u00c7\u00c3O PASCAL"},"content":{"rendered":"\n<p>No dia 10 de maio, os alunos do 1\u00ba Ciclo reuniram-se na capela do Col\u00e9gio para a habitual Celebra\u00e7\u00e3o Pascal.<\/p>\n\n\n\n<p>Num ambiente de festa, partilhado por alunos e professores, as turmas do quarto ano protagonizaram o an\u00fancio da ressurrei\u00e7\u00e3o de Jesus com uma dramatiza\u00e7\u00e3o. Seguiram-se v\u00e1rias interven\u00e7\u00f5es, plenas de simbolismo, pelos alunos dos restantes anos e, entre c\u00e2nticos e aclama\u00e7\u00f5es, anunciaram que&nbsp;<em>Cristo vive para sempre<\/em>.<\/p>\n\n\n\n<p>Este acontecimento, que \u00e9 o mais importante na vida dos crist\u00e3os, foi celebrado com entusiasmo, sin\u00f3nimo de que esta boa not\u00edcia nos faz muito felizes!<\/p>\n\n\n\n<p>E para finalizar este momento t\u00e3o agrad\u00e1vel, cada aluno levou uma flor, que entregou a Nossa Senhora, como sinal de agradecimento.<\/p>\n\n\n\n<p>[2019-05-10]<\/p>\n","protected":false},"excerpt":{"rendered":"<p>No dia 10 de maio, os alunos do 1\u00ba Ciclo reuniram-se na capela do Col\u00e9gio para a habitual Celebra\u00e7\u00e3o Pascal. Num ambiente de festa, partilhado por alunos e professores, as turmas do quarto ano protagonizaram o an\u00fancio da ressurrei\u00e7\u00e3o de Jesus com uma dramatiza\u00e7\u00e3o. Seguiram-se v\u00e1rias interven\u00e7\u00f5es, plenas de simbolismo, pelos alunos dos restantes anos [&hellip;]<\/p>\n","protected":false},"author":1,"featured_media":1622,"comment_status":"open","ping_status":"open","sticky":false,"template":"","format":"standard","meta":{"footnotes":""},"categories":[16],"tags":[],"class_list":["post-1621","post","type-post","status-publish","format-standard","has-post-thumbnail","hentry","category-dias-comemorativos"],"_links":{"self":[{"href":"https:\/\/cnsb.pt\/index.php?rest_route=\/wp\/v2\/posts\/1621","targetHints":{"allow":["GET"]}}],"collection":[{"href":"https:\/\/cnsb.pt\/index.php?rest_route=\/wp\/v2\/posts"}],"about":[{"href":"https:\/\/cnsb.pt\/index.php?rest_route=\/wp\/v2\/types\/post"}],"author":[{"embeddable":true,"href":"https:\/\/cnsb.pt\/index.php?rest_route=\/wp\/v2\/users\/1"}],"replies":[{"embeddable":true,"href":"https:\/\/cnsb.pt\/index.php?rest_route=%2Fwp%2Fv2%2Fcomments&post=1621"}],"version-history":[{"count":1,"href":"https:\/\/cnsb.pt\/index.php?rest_route=\/wp\/v2\/posts\/1621\/revisions"}],"predecessor-version":[{"id":1623,"href":"https:\/\/cnsb.pt\/index.php?rest_route=\/wp\/v2\/posts\/1621\/revisions\/1623"}],"wp:featuredmedia":[{"embeddable":true,"href":"https:\/\/cnsb.pt\/index.php?rest_route=\/wp\/v2\/media\/1622"}],"wp:attachment":[{"href":"https:\/\/cnsb.pt\/index.php?rest_route=%2Fwp%2Fv2%2Fmedia&parent=1621"}],"wp:term":[{"taxonomy":"category","embeddable":true,"href":"https:\/\/cnsb.pt\/index.php?rest_route=%2Fwp%2Fv2%2Fcategories&post=1621"},{"taxonomy":"post_tag","embeddable":true,"href":"https:\/\/cnsb.pt\/index.php?rest_route=%2Fwp%2Fv2%2Ftags&post=1621"}],"curies":[{"name":"wp","href":"https:\/\/api.w.org\/{rel}","templated":true}]}}