{"id":1616,"date":"2019-05-29T15:28:31","date_gmt":"2019-05-29T15:28:31","guid":{"rendered":"https:\/\/cnsb.pt\/?p=1616"},"modified":"2022-04-18T15:31:01","modified_gmt":"2022-04-18T15:31:01","slug":"dia-de-africa","status":"publish","type":"post","link":"https:\/\/cnsb.pt\/?p=1616","title":{"rendered":"Dia de \u00c1frica"},"content":{"rendered":"\n<p>O Dia de \u00c1frica comemora-se anualmente a 25 de maio e, naturalmente, o nosso Col\u00e9gio n\u00e3o podia deixar passar este dia sem ser lembrado e festejado por toda a comunidade. Assim, na passada sexta-feira, dia 24 de maio, o CNSB celebrou mais um Dia de \u00c1frica, cuja celebra\u00e7\u00e3o est\u00e1 inserida no projeto,&nbsp;<em>CNSB &#8211; Intercultural \u2013 Hospitalidade e Educa\u00e7\u00e3o,<\/em>&nbsp;financiado pelo FAMI.<\/p>\n\n\n\n<p>Logo cedo, pela manh\u00e3, a comunidade escolar pode apreciar os trajes t\u00edpicos africanos, uma vez que os alunos fizeram quest\u00e3o de se vestirem a rigor e lembrar a variedade cultural africana.<\/p>\n\n\n\n<p>Pelas 9h50, houve a oportunidade de se a assistir a um momento musical, alusivo \u00e0 cultura africana<em>,<\/em>&nbsp;organizado pelas alunas do 10\u00ba ano, mas que contou, tamb\u00e9m, com a colabora\u00e7\u00e3o das alunas mais novas, podendo toda a escola desfrutar da dan\u00e7a e ritmos da m\u00fasica africana.<\/p>\n\n\n\n<p>A comunidade escolar foi, ainda, brindada com algumas especialidades gastron\u00f3micas desta cultura, como o bolo de coco, a paracuca e o bolo de amendoim, iguarias que fizeram as del\u00edcias de todos.<\/p>\n\n\n\n<figure class=\"wp-block-image\"><img decoding=\"async\" src=\"https:\/\/cnsb.pt\/uploads\/FAMI_barra_5_logotipos.png\" alt=\"\"\/><\/figure>\n\n\n\n<p>[2019-05-29]<\/p>\n","protected":false},"excerpt":{"rendered":"<p>O Dia de \u00c1frica comemora-se anualmente a 25 de maio e, naturalmente, o nosso Col\u00e9gio n\u00e3o podia deixar passar este dia sem ser lembrado e festejado por toda a comunidade. Assim, na passada sexta-feira, dia 24 de maio, o CNSB celebrou mais um Dia de \u00c1frica, cuja celebra\u00e7\u00e3o est\u00e1 inserida no projeto,&nbsp;CNSB &#8211; Intercultural \u2013 [&hellip;]<\/p>\n","protected":false},"author":1,"featured_media":1618,"comment_status":"open","ping_status":"open","sticky":false,"template":"","format":"standard","meta":{"footnotes":""},"categories":[16],"tags":[],"class_list":["post-1616","post","type-post","status-publish","format-standard","has-post-thumbnail","hentry","category-dias-comemorativos"],"_links":{"self":[{"href":"https:\/\/cnsb.pt\/index.php?rest_route=\/wp\/v2\/posts\/1616","targetHints":{"allow":["GET"]}}],"collection":[{"href":"https:\/\/cnsb.pt\/index.php?rest_route=\/wp\/v2\/posts"}],"about":[{"href":"https:\/\/cnsb.pt\/index.php?rest_route=\/wp\/v2\/types\/post"}],"author":[{"embeddable":true,"href":"https:\/\/cnsb.pt\/index.php?rest_route=\/wp\/v2\/users\/1"}],"replies":[{"embeddable":true,"href":"https:\/\/cnsb.pt\/index.php?rest_route=%2Fwp%2Fv2%2Fcomments&post=1616"}],"version-history":[{"count":3,"href":"https:\/\/cnsb.pt\/index.php?rest_route=\/wp\/v2\/posts\/1616\/revisions"}],"predecessor-version":[{"id":1620,"href":"https:\/\/cnsb.pt\/index.php?rest_route=\/wp\/v2\/posts\/1616\/revisions\/1620"}],"wp:featuredmedia":[{"embeddable":true,"href":"https:\/\/cnsb.pt\/index.php?rest_route=\/wp\/v2\/media\/1618"}],"wp:attachment":[{"href":"https:\/\/cnsb.pt\/index.php?rest_route=%2Fwp%2Fv2%2Fmedia&parent=1616"}],"wp:term":[{"taxonomy":"category","embeddable":true,"href":"https:\/\/cnsb.pt\/index.php?rest_route=%2Fwp%2Fv2%2Fcategories&post=1616"},{"taxonomy":"post_tag","embeddable":true,"href":"https:\/\/cnsb.pt\/index.php?rest_route=%2Fwp%2Fv2%2Ftags&post=1616"}],"curies":[{"name":"wp","href":"https:\/\/api.w.org\/{rel}","templated":true}]}}