{"id":1595,"date":"2019-09-27T14:04:16","date_gmt":"2019-09-27T14:04:16","guid":{"rendered":"https:\/\/cnsb.pt\/?p=1595"},"modified":"2022-04-18T14:05:02","modified_gmt":"2022-04-18T14:05:02","slug":"dia-europeu-das-linguas","status":"publish","type":"post","link":"https:\/\/cnsb.pt\/?p=1595","title":{"rendered":"Dia Europeu das L\u00ednguas"},"content":{"rendered":"\n<p>O Dia Europeu das L\u00ednguas celebra-se, por toda a Europa, no dia 26 de setembro.<\/p>\n\n\n\n<p>O nosso Col\u00e9gio celebrou-o entre os dias 23 e 27 desse m\u00eas.&nbsp;<\/p>\n\n\n\n<p>Os alunos 2\u00ba ciclo fizeram pulseiras alusivas ao dia com palavras em diferentes l\u00ednguas sobre ecologia que colocaram a decorar o gradeamento do Col\u00e9gio. J\u00e1 as crian\u00e7as do 1\u00ba ciclo conceberam pulseiras com palavras em ingl\u00eas sobre a nossa&nbsp;<em>Mother Earth&nbsp;<\/em>que t\u00eam vindo a usar.&nbsp;<\/p>\n\n\n\n<p>Por sua vez os alunos do 3\u00b0 ciclo e secund\u00e1rio foram convidados a participar num C<em>ity Tour<\/em>&nbsp;pelas cidades de Vila Nova de Gaia e do Porto, no passado dia 27 de setembro, sexta-feira, de forma a comemorar esta data t\u00e3o importante para a Europa. Nesta atividade, que decorreu ao longo da tarde, os alunos n\u00e3o s\u00f3 tiveram a oportunidade de \u201cser turistas por um dia\u201d na sua pr\u00f3pria cidade, como tamb\u00e9m de conhecer alguns factos diferentes sobre esta. Para al\u00e9m disso, foi poss\u00edvel ouvir a visita em diversas l\u00ednguas (tais como portugu\u00eas, ingl\u00eas, franc\u00eas, espanhol, alem\u00e3o, italiano,&nbsp;mandarim, russo, japon\u00eas\u2026) pelos auriculares do autocarro tur\u00edstico, sendo este o principal objetivo da atividade.<\/p>\n\n\n\n<p>Uma tarde diferente, cheia de aprendizagem e divertimento para todos os alunos envolvidos!<\/p>\n\n\n\n<p>Beatriz Quelhas<\/p>\n\n\n\n<p>12\u00ba 1<\/p>\n\n\n\n<p>[2019-09-27]<\/p>\n","protected":false},"excerpt":{"rendered":"<p>O Dia Europeu das L\u00ednguas celebra-se, por toda a Europa, no dia 26 de setembro. O nosso Col\u00e9gio celebrou-o entre os dias 23 e 27 desse m\u00eas.&nbsp; Os alunos 2\u00ba ciclo fizeram pulseiras alusivas ao dia com palavras em diferentes l\u00ednguas sobre ecologia que colocaram a decorar o gradeamento do Col\u00e9gio. J\u00e1 as crian\u00e7as do [&hellip;]<\/p>\n","protected":false},"author":1,"featured_media":1596,"comment_status":"open","ping_status":"open","sticky":false,"template":"","format":"standard","meta":{"footnotes":""},"categories":[16],"tags":[],"class_list":["post-1595","post","type-post","status-publish","format-standard","has-post-thumbnail","hentry","category-dias-comemorativos"],"_links":{"self":[{"href":"https:\/\/cnsb.pt\/index.php?rest_route=\/wp\/v2\/posts\/1595","targetHints":{"allow":["GET"]}}],"collection":[{"href":"https:\/\/cnsb.pt\/index.php?rest_route=\/wp\/v2\/posts"}],"about":[{"href":"https:\/\/cnsb.pt\/index.php?rest_route=\/wp\/v2\/types\/post"}],"author":[{"embeddable":true,"href":"https:\/\/cnsb.pt\/index.php?rest_route=\/wp\/v2\/users\/1"}],"replies":[{"embeddable":true,"href":"https:\/\/cnsb.pt\/index.php?rest_route=%2Fwp%2Fv2%2Fcomments&post=1595"}],"version-history":[{"count":1,"href":"https:\/\/cnsb.pt\/index.php?rest_route=\/wp\/v2\/posts\/1595\/revisions"}],"predecessor-version":[{"id":1597,"href":"https:\/\/cnsb.pt\/index.php?rest_route=\/wp\/v2\/posts\/1595\/revisions\/1597"}],"wp:featuredmedia":[{"embeddable":true,"href":"https:\/\/cnsb.pt\/index.php?rest_route=\/wp\/v2\/media\/1596"}],"wp:attachment":[{"href":"https:\/\/cnsb.pt\/index.php?rest_route=%2Fwp%2Fv2%2Fmedia&parent=1595"}],"wp:term":[{"taxonomy":"category","embeddable":true,"href":"https:\/\/cnsb.pt\/index.php?rest_route=%2Fwp%2Fv2%2Fcategories&post=1595"},{"taxonomy":"post_tag","embeddable":true,"href":"https:\/\/cnsb.pt\/index.php?rest_route=%2Fwp%2Fv2%2Ftags&post=1595"}],"curies":[{"name":"wp","href":"https:\/\/api.w.org\/{rel}","templated":true}]}}