{"id":1557,"date":"2019-10-10T15:40:49","date_gmt":"2019-10-10T15:40:49","guid":{"rendered":"https:\/\/cnsb.pt\/?p=1557"},"modified":"2022-04-17T15:41:02","modified_gmt":"2022-04-17T15:41:02","slug":"dia-da-biblioteca-escolar","status":"publish","type":"post","link":"https:\/\/cnsb.pt\/?p=1557","title":{"rendered":"Dia da biblioteca escolar"},"content":{"rendered":"\n<p>No \u00e2mbito das comemora\u00e7\u00f5es do dia da Biblioteca Escolar e do dia Mundial da Sa\u00fade Mental recebemos, a convite do Servi\u00e7o de Psicologia e Orienta\u00e7\u00e3o, a autora Manuela Mota Ribeiro, para apresentar a sua obra \u201cPalavras M\u00e1gicas\u201d.&nbsp;<\/p>\n\n\n\n<p>M\u00e9dica de forma\u00e7\u00e3o, \u00e9 como escritora que se sente realizada. Com esta hist\u00f3ria, t\u00e3o bem concebida, mostra-nos que \u00e9 necess\u00e1rio reanimar junto das crian\u00e7as valores fundamentais, que com o passar do tempo se t\u00eam perdido. Para tal, apresentou-nos uma motivadora can\u00e7\u00e3o da qual sobressaem as express\u00f5es&nbsp;<em>Bom dia, Boa tarde, Boa noite, Desculpe\u2026 Obrigado e Por Favor<\/em>, palavras m\u00e1gicas, que quando pronunciadas contribuem para que nunca se perca a t\u00e3o agrad\u00e1vel, s\u00e3 e respeitosa conviv\u00eancia. Segundo a autora, s\u00e3o palavras de magia, se as dissermos com inten\u00e7\u00e3o, que nos falam no idioma do cora\u00e7\u00e3o!<\/p>\n\n\n\n<p>Houve ainda tempo para dar a conhecer um pouco das personagens da hist\u00f3ria, personificadas nestas palavras simples. Os alunos do quarto ano presentearam a autora com uma pequena dramatiza\u00e7\u00e3o sobre a sua can\u00e7\u00e3o e os restantes com ilustra\u00e7\u00f5es da hist\u00f3ria.<\/p>\n\n\n\n<p>Num momento que consideramos ter sido extremamente enriquecedor sensibilizamos os alunos e a comunidade educativa para a import\u00e2ncia da educa\u00e7\u00e3o para os valores.<\/p>\n\n\n\n<p>[2019-10-10]<\/p>\n","protected":false},"excerpt":{"rendered":"<p>No \u00e2mbito das comemora\u00e7\u00f5es do dia da Biblioteca Escolar e do dia Mundial da Sa\u00fade Mental recebemos, a convite do Servi\u00e7o de Psicologia e Orienta\u00e7\u00e3o, a autora Manuela Mota Ribeiro, para apresentar a sua obra \u201cPalavras M\u00e1gicas\u201d.&nbsp; M\u00e9dica de forma\u00e7\u00e3o, \u00e9 como escritora que se sente realizada. Com esta hist\u00f3ria, t\u00e3o bem concebida, mostra-nos que [&hellip;]<\/p>\n","protected":false},"author":1,"featured_media":1559,"comment_status":"open","ping_status":"open","sticky":false,"template":"","format":"standard","meta":{"footnotes":""},"categories":[16],"tags":[],"class_list":["post-1557","post","type-post","status-publish","format-standard","has-post-thumbnail","hentry","category-dias-comemorativos"],"_links":{"self":[{"href":"https:\/\/cnsb.pt\/index.php?rest_route=\/wp\/v2\/posts\/1557","targetHints":{"allow":["GET"]}}],"collection":[{"href":"https:\/\/cnsb.pt\/index.php?rest_route=\/wp\/v2\/posts"}],"about":[{"href":"https:\/\/cnsb.pt\/index.php?rest_route=\/wp\/v2\/types\/post"}],"author":[{"embeddable":true,"href":"https:\/\/cnsb.pt\/index.php?rest_route=\/wp\/v2\/users\/1"}],"replies":[{"embeddable":true,"href":"https:\/\/cnsb.pt\/index.php?rest_route=%2Fwp%2Fv2%2Fcomments&post=1557"}],"version-history":[{"count":1,"href":"https:\/\/cnsb.pt\/index.php?rest_route=\/wp\/v2\/posts\/1557\/revisions"}],"predecessor-version":[{"id":1560,"href":"https:\/\/cnsb.pt\/index.php?rest_route=\/wp\/v2\/posts\/1557\/revisions\/1560"}],"wp:featuredmedia":[{"embeddable":true,"href":"https:\/\/cnsb.pt\/index.php?rest_route=\/wp\/v2\/media\/1559"}],"wp:attachment":[{"href":"https:\/\/cnsb.pt\/index.php?rest_route=%2Fwp%2Fv2%2Fmedia&parent=1557"}],"wp:term":[{"taxonomy":"category","embeddable":true,"href":"https:\/\/cnsb.pt\/index.php?rest_route=%2Fwp%2Fv2%2Fcategories&post=1557"},{"taxonomy":"post_tag","embeddable":true,"href":"https:\/\/cnsb.pt\/index.php?rest_route=%2Fwp%2Fv2%2Ftags&post=1557"}],"curies":[{"name":"wp","href":"https:\/\/api.w.org\/{rel}","templated":true}]}}