{"id":1532,"date":"2019-10-31T15:32:00","date_gmt":"2019-10-31T15:32:00","guid":{"rendered":"https:\/\/cnsb.pt\/?p=1532"},"modified":"2022-04-17T15:33:57","modified_gmt":"2022-04-17T15:33:57","slug":"dia-de-sao-francisco","status":"publish","type":"post","link":"https:\/\/cnsb.pt\/?p=1532","title":{"rendered":"Dia de S\u00e3o Francisco"},"content":{"rendered":"\n<p><em>Um dia eu sonhei\/ come\u00e7ar a Amar\/ At\u00e9 eu sentir\/ todo mundo feliz\/<\/em><\/p>\n\n\n\n<p><em>E ao acordar\/ peguei e rezei\/ A ora\u00e7\u00e3o da paz de\/&nbsp;<strong>Francisco de Assis<\/strong>!<\/em><\/p>\n\n\n\n<p>&nbsp;&nbsp;&nbsp;&nbsp;&nbsp;&nbsp; Todos os anos, o dia 4 de outubro \u00e9 uma data especial para a Fam\u00edlia Bonan\u00e7a, pois comemora-se o dia de S. Francisco de Assis e toda a Comunidade \u00e9 convidada a refletir nos verdadeiros ideais de humildade e pobreza defendidos por este santo t\u00e3o sedutor e t\u00e3o cheio de contrastes. Poucos foram t\u00e3o revolucion\u00e1rios como ele. Poucos foram t\u00e3o ecologistas. Ningu\u00e9m amou melhor a natureza, os animais, as flores e o sol\u2026 Poucos foram t\u00e3o fi\u00e9is \u00e0 Palavra de Deus.<\/p>\n\n\n\n<p>&nbsp;&nbsp;&nbsp;&nbsp;&nbsp;&nbsp; Na verdade, este pequeno homem, que morreu cego aos 46 anos, era simplesmente um jovem crist\u00e3o que, depois de muitos anos de vida crist\u00e3 vivida de maneira conformista e insossa (um pouco como muitos crist\u00e3os de hoje), quis ser livre, rompendo todos os&nbsp;<em>clich\u00e9s&nbsp;<\/em>da sociedade do seu tempo: dinheiro, poder, distin\u00e7\u00e3o de classe social, entre outros.<\/p>\n\n\n\n<p>&nbsp;&nbsp;&nbsp;&nbsp;&nbsp;&nbsp; Assim, na passada sexta-feira, dia 4 de outubro, o CNSB celebrou o dia de S. Francisco de Assis. Ap\u00f3s a primeira aula da manh\u00e3, deu-se in\u00edcio a um conjunto de iniciativas, antecipadamente preparadas pelos Professores de EMRC e de EV. Acionando o plano B, porque o tempo estava incerto, o local de encontro foi o exterior junto \u00e0 Capela, onde com pontualidade e aprumo se juntaram os alunos da Creche, do Pr\u00e9-escolar, do 1\u00ba, 2\u00ba e 3\u00ba Ciclos. Foi, pois, neste espa\u00e7o sagrado e sob o olhar de Francisco de Assis que todos mostraram, efusivamente, que s\u00e3o Bonan\u00e7a e que, depois de uma pequena \u201cencena\u00e7\u00e3o\u201d adaptada de \u201cComo S\u00e3o Francisco descreveu o frade perfeito\u201d, pequenos, grandes e adultos assumiram o compromisso de serem mais e melhores e cantaram o hino do Col\u00e9gio.<\/p>\n\n\n\n<p>&nbsp;&nbsp;&nbsp;&nbsp;&nbsp;&nbsp; Os alunos do Secund\u00e1rio, pelas 11horas, deslocaram-se ao Sal\u00e3o de Festas para, tamb\u00e9m eles, serem seduzidos pela radicalidade de Francisco e viverem um momento de ora\u00e7\u00e3o ao jeito deste \u201cpobre\u201d de Assis.<\/p>\n\n\n\n<p>&nbsp;&nbsp;&nbsp;&nbsp;&nbsp;&nbsp; Estar junto de Francisco, ouvir a narra\u00e7\u00e3o de epis\u00f3dios da sua vida, tudo se tornou m\u00e1gico e real. Por momentos, todos largaram o seu dia a dia e viveram a alegria da simplicidade e do despojamento, da verdade e do amor. Foi um momento que, para al\u00e9m de ter sido guardado na m\u00e1quina fotogr\u00e1fica, ficar\u00e1 gravado no de todos&nbsp; quantos sentem e vivem o carisma franciscano.<\/p>\n\n\n\n<p>Prof. Maria Lu\u00edsa Pinto<\/p>\n\n\n\n<p>[2019-10-04]<\/p>\n","protected":false},"excerpt":{"rendered":"<p>Um dia eu sonhei\/ come\u00e7ar a Amar\/ At\u00e9 eu sentir\/ todo mundo feliz\/ E ao acordar\/ peguei e rezei\/ A ora\u00e7\u00e3o da paz de\/&nbsp;Francisco de Assis! &nbsp;&nbsp;&nbsp;&nbsp;&nbsp;&nbsp; Todos os anos, o dia 4 de outubro \u00e9 uma data especial para a Fam\u00edlia Bonan\u00e7a, pois comemora-se o dia de S. Francisco de Assis e toda a [&hellip;]<\/p>\n","protected":false},"author":1,"featured_media":1551,"comment_status":"open","ping_status":"open","sticky":false,"template":"","format":"standard","meta":{"footnotes":""},"categories":[16],"tags":[],"class_list":["post-1532","post","type-post","status-publish","format-standard","has-post-thumbnail","hentry","category-dias-comemorativos"],"_links":{"self":[{"href":"https:\/\/cnsb.pt\/index.php?rest_route=\/wp\/v2\/posts\/1532","targetHints":{"allow":["GET"]}}],"collection":[{"href":"https:\/\/cnsb.pt\/index.php?rest_route=\/wp\/v2\/posts"}],"about":[{"href":"https:\/\/cnsb.pt\/index.php?rest_route=\/wp\/v2\/types\/post"}],"author":[{"embeddable":true,"href":"https:\/\/cnsb.pt\/index.php?rest_route=\/wp\/v2\/users\/1"}],"replies":[{"embeddable":true,"href":"https:\/\/cnsb.pt\/index.php?rest_route=%2Fwp%2Fv2%2Fcomments&post=1532"}],"version-history":[{"count":2,"href":"https:\/\/cnsb.pt\/index.php?rest_route=\/wp\/v2\/posts\/1532\/revisions"}],"predecessor-version":[{"id":1554,"href":"https:\/\/cnsb.pt\/index.php?rest_route=\/wp\/v2\/posts\/1532\/revisions\/1554"}],"wp:featuredmedia":[{"embeddable":true,"href":"https:\/\/cnsb.pt\/index.php?rest_route=\/wp\/v2\/media\/1551"}],"wp:attachment":[{"href":"https:\/\/cnsb.pt\/index.php?rest_route=%2Fwp%2Fv2%2Fmedia&parent=1532"}],"wp:term":[{"taxonomy":"category","embeddable":true,"href":"https:\/\/cnsb.pt\/index.php?rest_route=%2Fwp%2Fv2%2Fcategories&post=1532"},{"taxonomy":"post_tag","embeddable":true,"href":"https:\/\/cnsb.pt\/index.php?rest_route=%2Fwp%2Fv2%2Ftags&post=1532"}],"curies":[{"name":"wp","href":"https:\/\/api.w.org\/{rel}","templated":true}]}}