{"id":1466,"date":"2019-10-10T14:46:56","date_gmt":"2019-10-10T14:46:56","guid":{"rendered":"https:\/\/cnsb.pt\/?p=1466"},"modified":"2022-04-17T14:47:43","modified_gmt":"2022-04-17T14:47:43","slug":"dia-mundial-da-saude-mental","status":"publish","type":"post","link":"https:\/\/cnsb.pt\/?p=1466","title":{"rendered":"Dia Mundial da Sa\u00fade Mental"},"content":{"rendered":"\n<p>Com o objetivo de sensibilizar a Comunidade Educativa para a problem\u00e1tica da Sa\u00fade Mental, o Servi\u00e7o de Psicologia organizou um Painel, subordinado ao tema&nbsp;<strong><em>Mem\u00f3ria, Sono e Desempenho na Aprendizagem<\/em><\/strong>, que decorreu no sal\u00e3o de festas, no dia&nbsp;<strong>10 de outubro<\/strong>, Dia Mundial da Sa\u00fade Mental.<\/p>\n\n\n\n<p>Com o intuito de apelar \u00e0 necessidade de cuidarmos da nossa sa\u00fade mental, foram convidados v\u00e1rios oradores, cabendo a cada um dar o testemunho da sua experi\u00eancia profissional. Assim, depois de uma breve apresenta\u00e7\u00e3o dos convidados da mesa, abriu a sess\u00e3o a&nbsp;<strong>Dra. Daniela Gon\u00e7alves<\/strong>, formadora em Projetos de Educa\u00e7\u00e3o pela Arte, que real\u00e7ou a import\u00e2ncia das artes performativas para a integra\u00e7\u00e3o dos jovens na comunidade. De seguida, a&nbsp;<strong>Dra. Ana Cristina Mendes Moreira<\/strong>, que gere o Centro de Medicina Integrativa, abordou algumas \u00e1reas priorit\u00e1rias para a inclus\u00e3o e o bem-estar de cada ser humano. Posteriormente, tomou a palavra o&nbsp;<strong>Professor Dr. Paulo Renato Cardoso de Jesus<\/strong>, graduado em Psicologia, doutorado em Filosofia e em Ci\u00eancias Sociais e Coordenador de uma p\u00f3s gradua\u00e7\u00e3o em&nbsp;<em>Coaching<\/em>&nbsp;na Universidade Portucalense, para refletir com os presentes sobre os efeitos positivos do m\u00e9todo socr\u00e1tico. Neste sentido, a sua interven\u00e7\u00e3o foi conduzindo o audit\u00f3rio a um processo de reflex\u00e3o e descoberta, esclarecendo, de forma brilhante, a import\u00e2ncia do sono e como este interfere nas aprendizagens. Por fim, a&nbsp;<strong>Dra. Manuela Mota Ribeiro<\/strong>, que atualmente se dedica exclusivamente \u00e0 escrita de livros para crian\u00e7as, corroborou as disserta\u00e7\u00f5es dos palestrantes que a antecederam, referindo na sua interven\u00e7\u00e3o as m\u00faltiplas formas de olharmos o outro para melhor prevenir e cuidar.<\/p>\n\n\n\n<p>Por fim, e dado o adiantado da hora, o debate em grande grupo foi curto, mas o objetivo primordial da sess\u00e3o fora plenamente atingido: falou-se claro e claramente sobre a Sa\u00fade Mental.<\/p>\n\n\n\n<p>Fica um agradecimento a todos os participantes e \u00e0 dinamizadora do evento, Dra. Teresa Mendes. At\u00e9 ao pr\u00f3ximo ano!<\/p>\n\n\n\n<figure class=\"wp-block-image is-resized\"><img loading=\"lazy\" decoding=\"async\" src=\"https:\/\/cnsb.pt\/uploads\/noticias\/saudemental.jpg\" alt=\"Dia Mundial da Sa\u00fade Mental\" width=\"258\" height=\"258\"\/><\/figure>\n\n\n\n<p>[2019-10-10]<\/p>\n","protected":false},"excerpt":{"rendered":"<p>Com o objetivo de sensibilizar a Comunidade Educativa para a problem\u00e1tica da Sa\u00fade Mental, o Servi\u00e7o de Psicologia organizou um Painel, subordinado ao tema&nbsp;Mem\u00f3ria, Sono e Desempenho na Aprendizagem, que decorreu no sal\u00e3o de festas, no dia&nbsp;10 de outubro, Dia Mundial da Sa\u00fade Mental. Com o intuito de apelar \u00e0 necessidade de cuidarmos da nossa [&hellip;]<\/p>\n","protected":false},"author":1,"featured_media":1467,"comment_status":"open","ping_status":"open","sticky":false,"template":"","format":"standard","meta":{"footnotes":""},"categories":[16],"tags":[],"class_list":["post-1466","post","type-post","status-publish","format-standard","has-post-thumbnail","hentry","category-dias-comemorativos"],"_links":{"self":[{"href":"https:\/\/cnsb.pt\/index.php?rest_route=\/wp\/v2\/posts\/1466","targetHints":{"allow":["GET"]}}],"collection":[{"href":"https:\/\/cnsb.pt\/index.php?rest_route=\/wp\/v2\/posts"}],"about":[{"href":"https:\/\/cnsb.pt\/index.php?rest_route=\/wp\/v2\/types\/post"}],"author":[{"embeddable":true,"href":"https:\/\/cnsb.pt\/index.php?rest_route=\/wp\/v2\/users\/1"}],"replies":[{"embeddable":true,"href":"https:\/\/cnsb.pt\/index.php?rest_route=%2Fwp%2Fv2%2Fcomments&post=1466"}],"version-history":[{"count":1,"href":"https:\/\/cnsb.pt\/index.php?rest_route=\/wp\/v2\/posts\/1466\/revisions"}],"predecessor-version":[{"id":1470,"href":"https:\/\/cnsb.pt\/index.php?rest_route=\/wp\/v2\/posts\/1466\/revisions\/1470"}],"wp:featuredmedia":[{"embeddable":true,"href":"https:\/\/cnsb.pt\/index.php?rest_route=\/wp\/v2\/media\/1467"}],"wp:attachment":[{"href":"https:\/\/cnsb.pt\/index.php?rest_route=%2Fwp%2Fv2%2Fmedia&parent=1466"}],"wp:term":[{"taxonomy":"category","embeddable":true,"href":"https:\/\/cnsb.pt\/index.php?rest_route=%2Fwp%2Fv2%2Fcategories&post=1466"},{"taxonomy":"post_tag","embeddable":true,"href":"https:\/\/cnsb.pt\/index.php?rest_route=%2Fwp%2Fv2%2Ftags&post=1466"}],"curies":[{"name":"wp","href":"https:\/\/api.w.org\/{rel}","templated":true}]}}