{"id":1451,"date":"2019-11-04T14:20:12","date_gmt":"2019-11-04T14:20:12","guid":{"rendered":"https:\/\/cnsb.pt\/?p=1451"},"modified":"2022-04-17T14:20:46","modified_gmt":"2022-04-17T14:20:46","slug":"visita-de-estudo-a-famalicao","status":"publish","type":"post","link":"https:\/\/cnsb.pt\/?p=1451","title":{"rendered":"Visita de Estudo a Famalic\u00e3o"},"content":{"rendered":"\n<p>No dia 4 de novembro de 2019, os alunos do 6\u00ba ano do CNSB foram a Famalic\u00e3o visitar o&nbsp;<strong>Museu Bernardino Machado<\/strong>&nbsp;e o&nbsp;<strong>Museu da Ind\u00fastria T\u00eaxtil<\/strong>, no \u00e2mbito da disciplina de Hist\u00f3ria e Geografia de Portugal.<\/p>\n\n\n\n<p>A viagem at\u00e9 \u00e0quela cidade fez-se de autocarro e por volta das 9:30, as tr\u00eas turmas deste ano de escolaridade j\u00e1 se encontravam a visitar o Museu Bernardino Machado. Aquiaprenderam sobre a vida deste pol\u00edtico portugu\u00eas, que veio do Brasil &nbsp;para Portugal em 1860. Aqui, formou-se e foi professor universit\u00e1rio, bem como deputado e at\u00e9 Presidente da Rep\u00fablica, eleito duas vezes. Era um defensor do ensino para todos, incluindo as meninas!<\/p>\n\n\n\n<p>Depois do almo\u00e7o partilhado, os alunos, acompanhados pelos seus professores, visitaram o Museu da Ind\u00fastria T\u00eaxtil. Este museu, situado numa antiga f\u00e1brica de fia\u00e7\u00e3o e tecelagem, na Bacia do Ave, d\u00e1 a conhecer m\u00e1quinas antigas de fiar e de tecer. Algumas foram ligadas e \u201ccomandadas\u201d pelo Sr. Costa, para que se percebesse melhor o seu funcionamento e como se produzia &nbsp;o vestu\u00e1rio no s\u00e9culo passado.<\/p>\n\n\n\n<p>O regresso ao Col\u00e9gio fez-se sob o c\u00e9u cinzento e sombrio, mas a alegria e a boa disposi\u00e7\u00e3o n\u00e3o faltaram na viagem. Foi um dia de escola diferente!<\/p>\n\n\n\n<p>[2019-11-04]<\/p>\n","protected":false},"excerpt":{"rendered":"<p>No dia 4 de novembro de 2019, os alunos do 6\u00ba ano do CNSB foram a Famalic\u00e3o visitar o&nbsp;Museu Bernardino Machado&nbsp;e o&nbsp;Museu da Ind\u00fastria T\u00eaxtil, no \u00e2mbito da disciplina de Hist\u00f3ria e Geografia de Portugal. A viagem at\u00e9 \u00e0quela cidade fez-se de autocarro e por volta das 9:30, as tr\u00eas turmas deste ano de escolaridade [&hellip;]<\/p>\n","protected":false},"author":1,"featured_media":1452,"comment_status":"open","ping_status":"open","sticky":false,"template":"","format":"standard","meta":{"footnotes":""},"categories":[13],"tags":[],"class_list":["post-1451","post","type-post","status-publish","format-standard","has-post-thumbnail","hentry","category-comunidade"],"_links":{"self":[{"href":"https:\/\/cnsb.pt\/index.php?rest_route=\/wp\/v2\/posts\/1451","targetHints":{"allow":["GET"]}}],"collection":[{"href":"https:\/\/cnsb.pt\/index.php?rest_route=\/wp\/v2\/posts"}],"about":[{"href":"https:\/\/cnsb.pt\/index.php?rest_route=\/wp\/v2\/types\/post"}],"author":[{"embeddable":true,"href":"https:\/\/cnsb.pt\/index.php?rest_route=\/wp\/v2\/users\/1"}],"replies":[{"embeddable":true,"href":"https:\/\/cnsb.pt\/index.php?rest_route=%2Fwp%2Fv2%2Fcomments&post=1451"}],"version-history":[{"count":1,"href":"https:\/\/cnsb.pt\/index.php?rest_route=\/wp\/v2\/posts\/1451\/revisions"}],"predecessor-version":[{"id":1453,"href":"https:\/\/cnsb.pt\/index.php?rest_route=\/wp\/v2\/posts\/1451\/revisions\/1453"}],"wp:featuredmedia":[{"embeddable":true,"href":"https:\/\/cnsb.pt\/index.php?rest_route=\/wp\/v2\/media\/1452"}],"wp:attachment":[{"href":"https:\/\/cnsb.pt\/index.php?rest_route=%2Fwp%2Fv2%2Fmedia&parent=1451"}],"wp:term":[{"taxonomy":"category","embeddable":true,"href":"https:\/\/cnsb.pt\/index.php?rest_route=%2Fwp%2Fv2%2Fcategories&post=1451"},{"taxonomy":"post_tag","embeddable":true,"href":"https:\/\/cnsb.pt\/index.php?rest_route=%2Fwp%2Fv2%2Ftags&post=1451"}],"curies":[{"name":"wp","href":"https:\/\/api.w.org\/{rel}","templated":true}]}}