{"id":1445,"date":"2019-12-20T14:12:08","date_gmt":"2019-12-20T14:12:08","guid":{"rendered":"https:\/\/cnsb.pt\/?p=1445"},"modified":"2022-04-17T14:12:43","modified_gmt":"2022-04-17T14:12:43","slug":"uma-semana-solidaria-no-cnsb","status":"publish","type":"post","link":"https:\/\/cnsb.pt\/?p=1445","title":{"rendered":"Uma semana solid\u00e1ria no CNSB"},"content":{"rendered":"\n<p>Na segunda-feira, estivemos a ajudar a Irm\u00e3 Concei\u00e7\u00e3o a fazer a contablidade dos alimentos recolhidos para os sem-abrigo e fam\u00edlias carenciadas. Depois, ajud\u00e1mos a retirar os bancos que tinham sido utilizados na festa de Natal do 1\u00ba ciclo e pr\u00e9 escolar.<\/p>\n\n\n\n<p>Ter\u00e7a-feira foi dia de folga.<\/p>\n\n\n\n<p>Na quarta-feira, &nbsp;recolhemos os dados do concurso de anjos de Natal.<\/p>\n\n\n\n<p>Na quinta-feira, fomos com a Irm\u00e3 Maria Celeste \u00e0 Casa m\u00e3e Clara,&nbsp; entregar os alimentos recolhidos.<\/p>\n\n\n\n<p>Visit\u00e1mos a casa e os sem-abrigo que ainda estavam a almo\u00e7ar. A certa altura,um sem-abrigo, chamou-nos e agradeceu pela nossa presen\u00e7a e pela entrega dos alimentos,recompensando-nos com a seguinte quadra:<\/p>\n\n\n\n<p><em>&#8220;O Natal \u00e9 uma \u00e9poca<\/em><\/p>\n\n\n\n<p><em>Com sorrisos e alegrias<\/em><\/p>\n\n\n\n<p><em>E eu pergunto-me a mim mesmo:<\/em><\/p>\n\n\n\n<p><em>Porque n\u00e3o \u00e9 Natal todos os dias?&#8221;<\/em><\/p>\n\n\n\n<p>Gost\u00e1mos desta semana solid\u00e1ria&#8230; O nosso Natal, este ano, vai ter outro sabor!&#8230;<\/p>\n\n\n\n<p>\ud83d\ude42<\/p>\n\n\n\n<p>ANDR\u00c9 SOBRAL<br>GON\u00c7ALO SILVA<br>GUSTAVO ZABOT<br>LU\u00cdS CARDOSO<br>6\u00baB<\/p>\n\n\n\n<p>P.s.: Nesta campanha de Natal, al\u00e9m dos sem-abrigo, o CNSB ajudou tamb\u00e9m 32 fam\u00edlas.<\/p>\n\n\n\n<p>[2019-12-20]<\/p>\n","protected":false},"excerpt":{"rendered":"<p>Na segunda-feira, estivemos a ajudar a Irm\u00e3 Concei\u00e7\u00e3o a fazer a contablidade dos alimentos recolhidos para os sem-abrigo e fam\u00edlias carenciadas. Depois, ajud\u00e1mos a retirar os bancos que tinham sido utilizados na festa de Natal do 1\u00ba ciclo e pr\u00e9 escolar. Ter\u00e7a-feira foi dia de folga. Na quarta-feira, &nbsp;recolhemos os dados do concurso de anjos [&hellip;]<\/p>\n","protected":false},"author":1,"featured_media":1446,"comment_status":"open","ping_status":"open","sticky":false,"template":"","format":"standard","meta":{"footnotes":""},"categories":[14],"tags":[],"class_list":["post-1445","post","type-post","status-publish","format-standard","has-post-thumbnail","hentry","category-solidariedade"],"_links":{"self":[{"href":"https:\/\/cnsb.pt\/index.php?rest_route=\/wp\/v2\/posts\/1445","targetHints":{"allow":["GET"]}}],"collection":[{"href":"https:\/\/cnsb.pt\/index.php?rest_route=\/wp\/v2\/posts"}],"about":[{"href":"https:\/\/cnsb.pt\/index.php?rest_route=\/wp\/v2\/types\/post"}],"author":[{"embeddable":true,"href":"https:\/\/cnsb.pt\/index.php?rest_route=\/wp\/v2\/users\/1"}],"replies":[{"embeddable":true,"href":"https:\/\/cnsb.pt\/index.php?rest_route=%2Fwp%2Fv2%2Fcomments&post=1445"}],"version-history":[{"count":1,"href":"https:\/\/cnsb.pt\/index.php?rest_route=\/wp\/v2\/posts\/1445\/revisions"}],"predecessor-version":[{"id":1447,"href":"https:\/\/cnsb.pt\/index.php?rest_route=\/wp\/v2\/posts\/1445\/revisions\/1447"}],"wp:featuredmedia":[{"embeddable":true,"href":"https:\/\/cnsb.pt\/index.php?rest_route=\/wp\/v2\/media\/1446"}],"wp:attachment":[{"href":"https:\/\/cnsb.pt\/index.php?rest_route=%2Fwp%2Fv2%2Fmedia&parent=1445"}],"wp:term":[{"taxonomy":"category","embeddable":true,"href":"https:\/\/cnsb.pt\/index.php?rest_route=%2Fwp%2Fv2%2Fcategories&post=1445"},{"taxonomy":"post_tag","embeddable":true,"href":"https:\/\/cnsb.pt\/index.php?rest_route=%2Fwp%2Fv2%2Ftags&post=1445"}],"curies":[{"name":"wp","href":"https:\/\/api.w.org\/{rel}","templated":true}]}}