{"id":1423,"date":"2019-12-08T13:24:40","date_gmt":"2019-12-08T13:24:40","guid":{"rendered":"https:\/\/cnsb.pt\/?p=1423"},"modified":"2022-04-17T13:30:33","modified_gmt":"2022-04-17T13:30:33","slug":"dia-de-celebrar-o-colegio","status":"publish","type":"post","link":"https:\/\/cnsb.pt\/?p=1423","title":{"rendered":"Dia de Celebrar o Col\u00e9gio!!!"},"content":{"rendered":"\n<p>Somos um col\u00e9gio que prima pela excel\u00eancia. Um col\u00e9gio que luta pelo m\u00e9rito e pelo brio dos seus alunos. Assim, o seu trabalho \u00e1rduo, durante todo o ano, para cumprir os mais altos objetivos, devem ser recompensados.<\/p>\n\n\n\n<p>Para tal, celebrou-se no dia 6 de dezembro, a cerim\u00f3nia de entrega dos \u201cQuadros de M\u00e9rito\u201d, onde os alunos que atingiram elevadas qualifica\u00e7\u00f5es acad\u00e9micas e\/ou foram premiados pela sua participa\u00e7\u00e3o em diversos concursos ou projetos (relacionados com a escrita, a Hist\u00f3ria, a Geografia, a Matem\u00e1tica, etc.) foram premiados pelas capacidades demonstradas.<\/p>\n\n\n\n<p>Foi uma cerim\u00f3nia \u00e9pica. Perante o olhar orgulhoso de pais, docentes, coordenadores, funcion\u00e1rios e alunos, v\u00e1rios estudantes do nosso col\u00e9gio, desde os mais jovens at\u00e9 aos mais velhos foram aplaudidos e reconhecidos pelo seu esfor\u00e7o no grandioso palco do sal\u00e3o de festas.<\/p>\n\n\n\n<p>Esta celebra\u00e7\u00e3o contou tamb\u00e9m com a presen\u00e7a de alunos que conclu\u00edram o secund\u00e1rio no ano transato e regressaram \u00e0s suas ra\u00edzes escolares para serem agraciados com os respetivos diplomas de m\u00e9rito e de certifica\u00e7\u00e3o de conclus\u00e3o da escolaridade obrigat\u00f3ria. Dominados pela feliz nostalgia de voltarem \u00e0quela que foi e ser\u00e1 para sempre a sua casa, mostraram a todos os presentes que escola \u00e9 sin\u00f3nimo de felicidade.<\/p>\n\n\n\n<p>Todos estes momentos foram acompanhados por muitas atua\u00e7\u00f5es magn\u00edficas, de v\u00e1rias vertentes, desde a poesia (com a leitura do poema \u201cHino \u00e0 escola\u201d, de Paulo Freire, por alunos de 12\u00ba ano), \u00e0 m\u00fasica (interpreta\u00e7\u00f5es de m\u00fasicas c\u00e9lebres acompanhadas por flauta, piano, saxofone, violino, etc.) at\u00e9 \u00e0 dan\u00e7a (em diversos g\u00e9neros: ballet, hip-hop, dan\u00e7a contempor\u00e2nea, etc.)<\/p>\n\n\n\n<p>O ponto \u00e1ureo das comemora\u00e7\u00f5es ocorreu no dia 8 de dezembro, no qual se celebrou uma cerim\u00f3nia eucar\u00edstica em homenagem \u00e0 Imaculada Conce\u00e7\u00e3o, padroeira do CNSB. Foi, tamb\u00e9m, um festejo incr\u00edvel, engalanado por bel\u00edssimas atua\u00e7\u00f5es de ballet cl\u00e1ssico e por um maravilhoso e afinad\u00edssimo grupo coral, que lhe conferiu uma vivacidade e dinamismo \u00fanicos.<\/p>\n\n\n\n<p>No entanto, a b\u00ean\u00e7\u00e3o dos finalistas de 12\u00ba ano por Nossa Senhora foi a cereja no topo do bolo: um momento solene em que os alunos supracitados dedicaram uma ora\u00e7\u00e3o a Imaculada Concei\u00e7\u00e3o e refletiram sobre todos os bons momentos vividos no Col\u00e9gio.<\/p>\n\n\n\n<p>Estas celebra\u00e7\u00f5es foram, certamente, momentos que ilustraram a mem\u00f3ria coletiva desta institui\u00e7\u00e3o!<\/p>\n\n\n\n<p><strong>Ricardo Guerra \u2013 12\u00ba3<\/strong><\/p>\n\n\n\n<p>[2019-12-08]<\/p>\n","protected":false},"excerpt":{"rendered":"<p>Somos um col\u00e9gio que prima pela excel\u00eancia. Um col\u00e9gio que luta pelo m\u00e9rito e pelo brio dos seus alunos. Assim, o seu trabalho \u00e1rduo, durante todo o ano, para cumprir os mais altos objetivos, devem ser recompensados. Para tal, celebrou-se no dia 6 de dezembro, a cerim\u00f3nia de entrega dos \u201cQuadros de M\u00e9rito\u201d, onde os [&hellip;]<\/p>\n","protected":false},"author":1,"featured_media":1424,"comment_status":"open","ping_status":"open","sticky":false,"template":"","format":"standard","meta":{"footnotes":""},"categories":[15],"tags":[],"class_list":["post-1423","post","type-post","status-publish","format-standard","has-post-thumbnail","hentry","category-eventos"],"_links":{"self":[{"href":"https:\/\/cnsb.pt\/index.php?rest_route=\/wp\/v2\/posts\/1423","targetHints":{"allow":["GET"]}}],"collection":[{"href":"https:\/\/cnsb.pt\/index.php?rest_route=\/wp\/v2\/posts"}],"about":[{"href":"https:\/\/cnsb.pt\/index.php?rest_route=\/wp\/v2\/types\/post"}],"author":[{"embeddable":true,"href":"https:\/\/cnsb.pt\/index.php?rest_route=\/wp\/v2\/users\/1"}],"replies":[{"embeddable":true,"href":"https:\/\/cnsb.pt\/index.php?rest_route=%2Fwp%2Fv2%2Fcomments&post=1423"}],"version-history":[{"count":1,"href":"https:\/\/cnsb.pt\/index.php?rest_route=\/wp\/v2\/posts\/1423\/revisions"}],"predecessor-version":[{"id":1425,"href":"https:\/\/cnsb.pt\/index.php?rest_route=\/wp\/v2\/posts\/1423\/revisions\/1425"}],"wp:featuredmedia":[{"embeddable":true,"href":"https:\/\/cnsb.pt\/index.php?rest_route=\/wp\/v2\/media\/1424"}],"wp:attachment":[{"href":"https:\/\/cnsb.pt\/index.php?rest_route=%2Fwp%2Fv2%2Fmedia&parent=1423"}],"wp:term":[{"taxonomy":"category","embeddable":true,"href":"https:\/\/cnsb.pt\/index.php?rest_route=%2Fwp%2Fv2%2Fcategories&post=1423"},{"taxonomy":"post_tag","embeddable":true,"href":"https:\/\/cnsb.pt\/index.php?rest_route=%2Fwp%2Fv2%2Ftags&post=1423"}],"curies":[{"name":"wp","href":"https:\/\/api.w.org\/{rel}","templated":true}]}}