{"id":1404,"date":"2020-04-27T16:06:57","date_gmt":"2020-04-27T16:06:57","guid":{"rendered":"https:\/\/cnsb.pt\/?p=1404"},"modified":"2022-04-11T16:07:18","modified_gmt":"2022-04-11T16:07:18","slug":"fantaslingua-xiii","status":"publish","type":"post","link":"https:\/\/cnsb.pt\/?p=1404","title":{"rendered":"FantasL\u00edngua XIII"},"content":{"rendered":"\n<p>Pelo d\u00e9cimo&nbsp;terceiro&nbsp;ano consecutivo, o Col\u00e9gio de Nossa Senhora da Bonan\u00e7a, atrav\u00e9s do Departamento de L\u00edngua Materna, promove os dias did\u00e1ticos da L\u00edngua Materna&nbsp;\u2013&nbsp;FantasL\u00edngua&nbsp;XIII.&nbsp;<\/p>\n\n\n\n<p>Assim, apresentamos o programa,&nbsp;este ano, subordinado ao tema&nbsp;Pensar Pessoa(s),&nbsp;e&nbsp;gostar\u00edamos que viessem celebrar connosco e pensar a Pessoa Humana, atrav\u00e9s da viagem pelo universo da palavra e das suas m\u00faltiplas formas e representa\u00e7\u00f5es.<\/p>\n\n\n\n<h2 class=\"wp-block-heading\">Programa:<\/h2>\n\n\n\n<h2 class=\"wp-block-heading\">5 de mar\u00e7o<\/h2>\n\n\n\n<p>9h30-15h40 Pe\u00e7a de teatro \u201cMonstro das Cores\u201d pela companhia Etecetera (Pr\u00e9-escolar)<\/p>\n\n\n\n<p>10h30\u201313h00 Pe\u00e7a de teatro \u201cO Ano da Morte de Ricardo Reis\u201d pela companhia Etecetera (12\u00baano)<\/p>\n\n\n\n<h2 class=\"wp-block-heading\">6 de mar\u00e7o<\/h2>\n\n\n\n<p>8h20\u201313h15 Workshop de Arte \u201cEst\u00f3rias Bem Movimentadas\u201d (constru\u00e7\u00e3o de 1 Flipbook) (2\u00baciclo)<\/p>\n\n\n\n<p>9h30\u201310h05 Pe\u00e7a de teatro \u201cO ninho do Urso Gaspar\u201d pela Companhia Som do Algod\u00e3o (Creche)<\/p>\n\n\n\n<p>10h30\u201311h45 Concerto \u201cOs TOP v\u00eam \u00e0 escola\u201d (1\u00baciclo)<\/p>\n\n\n\n<h2 class=\"wp-block-heading\">9 de mar\u00e7o<\/h2>\n\n\n\n<p>8h20\u201315h45 Workshop de escrita criativa \u201cQuantas Pessoa(s) h\u00e1 numa est\u00f3ria?\u201d (7\u00baano)<\/p>\n\n\n\n<p>10h05\u201311h05 \u201cQuantas Pessoa(s) h\u00e1 em ti?\u201d Oficina de teatro com Rui Andrade (11\u00baano)<\/p>\n\n\n\n<p>11h45\u201312h45 \u201cPor tr\u00e1s da M\u00e1scara\u201d com Rui Andrade (10\u00baano)<\/p>\n\n\n\n<p>14h15\u201315h15 Pe\u00e7a de teatro \u201cAuto da Barca do Inferno\u201d pela Companhia Etecetera (8\u00ba e 9\u00baanos)<\/p>\n\n\n\n<figure class=\"wp-block-image\"><img decoding=\"async\" src=\"https:\/\/cnsb.pt\/uploads\/Captura_de_ecra_2020-03-03_as_12.28.47.png\" alt=\"FantasL\u00edngua\" title=\"FantasL\u00edngua\"\/><\/figure>\n\n\n\n<p>[2020-02-27]<\/p>\n","protected":false},"excerpt":{"rendered":"<p>Pelo d\u00e9cimo&nbsp;terceiro&nbsp;ano consecutivo, o Col\u00e9gio de Nossa Senhora da Bonan\u00e7a, atrav\u00e9s do Departamento de L\u00edngua Materna, promove os dias did\u00e1ticos da L\u00edngua Materna&nbsp;\u2013&nbsp;FantasL\u00edngua&nbsp;XIII.&nbsp; Assim, apresentamos o programa,&nbsp;este ano, subordinado ao tema&nbsp;Pensar Pessoa(s),&nbsp;e&nbsp;gostar\u00edamos que viessem celebrar connosco e pensar a Pessoa Humana, atrav\u00e9s da viagem pelo universo da palavra e das suas m\u00faltiplas formas e representa\u00e7\u00f5es. [&hellip;]<\/p>\n","protected":false},"author":1,"featured_media":1405,"comment_status":"open","ping_status":"open","sticky":false,"template":"","format":"standard","meta":{"footnotes":""},"categories":[15],"tags":[],"class_list":["post-1404","post","type-post","status-publish","format-standard","has-post-thumbnail","hentry","category-eventos"],"_links":{"self":[{"href":"https:\/\/cnsb.pt\/index.php?rest_route=\/wp\/v2\/posts\/1404","targetHints":{"allow":["GET"]}}],"collection":[{"href":"https:\/\/cnsb.pt\/index.php?rest_route=\/wp\/v2\/posts"}],"about":[{"href":"https:\/\/cnsb.pt\/index.php?rest_route=\/wp\/v2\/types\/post"}],"author":[{"embeddable":true,"href":"https:\/\/cnsb.pt\/index.php?rest_route=\/wp\/v2\/users\/1"}],"replies":[{"embeddable":true,"href":"https:\/\/cnsb.pt\/index.php?rest_route=%2Fwp%2Fv2%2Fcomments&post=1404"}],"version-history":[{"count":1,"href":"https:\/\/cnsb.pt\/index.php?rest_route=\/wp\/v2\/posts\/1404\/revisions"}],"predecessor-version":[{"id":1406,"href":"https:\/\/cnsb.pt\/index.php?rest_route=\/wp\/v2\/posts\/1404\/revisions\/1406"}],"wp:featuredmedia":[{"embeddable":true,"href":"https:\/\/cnsb.pt\/index.php?rest_route=\/wp\/v2\/media\/1405"}],"wp:attachment":[{"href":"https:\/\/cnsb.pt\/index.php?rest_route=%2Fwp%2Fv2%2Fmedia&parent=1404"}],"wp:term":[{"taxonomy":"category","embeddable":true,"href":"https:\/\/cnsb.pt\/index.php?rest_route=%2Fwp%2Fv2%2Fcategories&post=1404"},{"taxonomy":"post_tag","embeddable":true,"href":"https:\/\/cnsb.pt\/index.php?rest_route=%2Fwp%2Fv2%2Ftags&post=1404"}],"curies":[{"name":"wp","href":"https:\/\/api.w.org\/{rel}","templated":true}]}}