{"id":1401,"date":"2020-04-26T16:05:19","date_gmt":"2020-04-26T16:05:19","guid":{"rendered":"https:\/\/cnsb.pt\/?p=1401"},"modified":"2022-04-11T16:07:34","modified_gmt":"2022-04-11T16:07:34","slug":"agradecimento-aos-profissionais-de-saude","status":"publish","type":"post","link":"https:\/\/cnsb.pt\/?p=1401","title":{"rendered":"Agradecimento aos profissionais de sa\u00fade"},"content":{"rendered":"\n<p>Queridos profissionais de sa\u00fade,<\/p>\n\n\n\n<p>Estava aqui sentada no meu quintal, para apanhar um pouco de ar fresco e desanuviar das horas seguidas que tenho passado em frente ao ecr\u00e3, e dei por mim a pensar em voc\u00eas. Por isso comecei a escrever-vos.<\/p>\n\n\n\n<p>\u00c9 uma sorte eu estar a viver esta situa\u00e7\u00e3o resguardada, com a minha fam\u00edlia em casa, saud\u00e1vel e ainda ter um quintal para arejar. Todos os que se encontram em isolamento, certamente dedicam esse sacrif\u00edcio, mas ato heroico, a algu\u00e9m que lhes \u00e9 querido e pretendem proteger. Eu penso na minha av\u00f3. E em todos os mais fr\u00e1geis e velhinhos.<\/p>\n\n\n\n<p>Lembrei-me, depois, que muitos de v\u00f3s com certeza preferiam estar em casa com as vossas fam\u00edlias, em seguran\u00e7a, tamb\u00e9m. Deve ser assustador a\u00ed fora. Eu s\u00f3 vejo as coisas pelo ecr\u00e3, pela televis\u00e3o&#8230; \u00e9 preciso coragem. E pode dizer-se com toda a certeza do mundo que voc\u00eas s\u00e3o das pessoas mais corajosas que \u201cconhe\u00e7o\u201d. Quando iniciam a vossa carreira, fazem um juramento. Prometem proteger, cuidar da vida dos vossos pacientes at\u00e9 ao fim. Isso \u00e9 algo extraordin\u00e1rio.<\/p>\n\n\n\n<p>Quem est\u00e1 em casa tem um importante papel nesta situa\u00e7\u00e3o em que nos encontramos. Mas o que voc\u00eas fazem, isso sim, \u00e9 um ato heroico.<\/p>\n\n\n\n<p>Sempre fui menina das artes, sempre gostei da subjetividade e sou cat\u00f3lica. Para mim, o cora\u00e7\u00e3o est\u00e1 acima da raz\u00e3o. Para mim, nunca foi dif\u00edcil acreditar na vida para al\u00e9m da morte. Tento todos os dias seguir os passos de Jesus e Nossa Senhora, juntamente com a minha fam\u00edlia, desde que nasci. Sei que, para a maioria de v\u00f3s, \u00e9 dif\u00edcil acreditarem. Para voc\u00eas, tudo tem uma explica\u00e7\u00e3o cient\u00edfica. Baseiam-se em factos e experi\u00eancias e assim retiram as vossas conclus\u00f5es. Ou seja, a maioria n\u00e3o deve acreditar em milagres. Pois eu acho que o que voc\u00eas est\u00e3o a fazer neste momento \u00e9 um milagre. \u00c9 simplesmente extraordin\u00e1rio. \u00c9 preciso entregarmo-nos mesmo para dedicarmos a nossa vida aos mais fragilizados. \u00c9 preciso um enorme cora\u00e7\u00e3o para aguentar horas e horas e horas seguidas a cuidar de caras novas todos os dias, como se fossem fam\u00edlia. \u00c9 preciso uma for\u00e7a enorme para aguentar essa responsabilidade, esse dever que t\u00eam e este ambiente em que estamos a viver, e ainda por cima estarem a ver tudo na primeira fila&#8230; Arriscarmos a nossa vida todos os dias por algu\u00e9m que chama por n\u00f3s&#8230;<\/p>\n\n\n\n<p>A vossa profiss\u00e3o \u00e9 fazer o mesmo que Jesus faz. Acudir aos mais fr\u00e1geis, aqueles que necessitam. E em cada doente est\u00e1 Jesus tamb\u00e9m. O vosso trabalho nunca ser\u00e1 em v\u00e3o. Voc\u00eas est\u00e3o a salvar Portugal. Portugal e o mundo inteiro. Est\u00e3o a salvar os vossos familiares. Est\u00e3o a salvar av\u00f3s, pais, irm\u00e3os, tios&#8230;<\/p>\n\n\n\n<p>O vosso trabalho \u00e9 incr\u00edvel e nunca ser\u00e1 esquecido. Quando isto passar, todos nos lembraremos de que foi devido a cada um de voc\u00eas e \u00e0 vossa coragem, persist\u00eancia e dedica\u00e7\u00e3o.<\/p>\n\n\n\n<p>E tudo o que vos consigo dar \u00e9 um obrigada. Obrigada, do fundo do meu cora\u00e7\u00e3o por nos protegerem. Deus tamb\u00e9m vos protege l\u00e1 de cima em cada luta que tenham de enfrentar, porque o que est\u00e3o a fazer baseia-se na ci\u00eancia, mas vem do cora\u00e7\u00e3o.<\/p>\n\n\n\n<p><\/p>\n\n\n\n<figure class=\"wp-block-image\"><img decoding=\"async\" src=\"https:\/\/cnsb.pt\/uploads\/noticias\/Maria%20Coutinho.jpg\" alt=\"Agradecimento aos profissionais de sa\u00fade\"\/><figcaption>Maria Coutinho (12.\u00ba 4)<\/figcaption><\/figure>\n\n\n\n<p>[2020-04-26]<\/p>\n","protected":false},"excerpt":{"rendered":"<p>Queridos profissionais de sa\u00fade, Estava aqui sentada no meu quintal, para apanhar um pouco de ar fresco e desanuviar das horas seguidas que tenho passado em frente ao ecr\u00e3, e dei por mim a pensar em voc\u00eas. Por isso comecei a escrever-vos. \u00c9 uma sorte eu estar a viver esta situa\u00e7\u00e3o resguardada, com a minha [&hellip;]<\/p>\n","protected":false},"author":1,"featured_media":1403,"comment_status":"open","ping_status":"open","sticky":false,"template":"","format":"standard","meta":{"footnotes":""},"categories":[14],"tags":[],"class_list":["post-1401","post","type-post","status-publish","format-standard","has-post-thumbnail","hentry","category-solidariedade"],"_links":{"self":[{"href":"https:\/\/cnsb.pt\/index.php?rest_route=\/wp\/v2\/posts\/1401","targetHints":{"allow":["GET"]}}],"collection":[{"href":"https:\/\/cnsb.pt\/index.php?rest_route=\/wp\/v2\/posts"}],"about":[{"href":"https:\/\/cnsb.pt\/index.php?rest_route=\/wp\/v2\/types\/post"}],"author":[{"embeddable":true,"href":"https:\/\/cnsb.pt\/index.php?rest_route=\/wp\/v2\/users\/1"}],"replies":[{"embeddable":true,"href":"https:\/\/cnsb.pt\/index.php?rest_route=%2Fwp%2Fv2%2Fcomments&post=1401"}],"version-history":[{"count":1,"href":"https:\/\/cnsb.pt\/index.php?rest_route=\/wp\/v2\/posts\/1401\/revisions"}],"predecessor-version":[{"id":1402,"href":"https:\/\/cnsb.pt\/index.php?rest_route=\/wp\/v2\/posts\/1401\/revisions\/1402"}],"wp:featuredmedia":[{"embeddable":true,"href":"https:\/\/cnsb.pt\/index.php?rest_route=\/wp\/v2\/media\/1403"}],"wp:attachment":[{"href":"https:\/\/cnsb.pt\/index.php?rest_route=%2Fwp%2Fv2%2Fmedia&parent=1401"}],"wp:term":[{"taxonomy":"category","embeddable":true,"href":"https:\/\/cnsb.pt\/index.php?rest_route=%2Fwp%2Fv2%2Fcategories&post=1401"},{"taxonomy":"post_tag","embeddable":true,"href":"https:\/\/cnsb.pt\/index.php?rest_route=%2Fwp%2Fv2%2Ftags&post=1401"}],"curies":[{"name":"wp","href":"https:\/\/api.w.org\/{rel}","templated":true}]}}