{"id":1378,"date":"2020-11-09T15:18:07","date_gmt":"2020-11-09T15:18:07","guid":{"rendered":"https:\/\/cnsb.pt\/?p=1378"},"modified":"2022-04-11T15:22:14","modified_gmt":"2022-04-11T15:22:14","slug":"guilherme-de-oliveira-perto-do-podio-na-sua-estreia-na-f4","status":"publish","type":"post","link":"https:\/\/cnsb.pt\/?p=1378","title":{"rendered":"GUILHERME DE OLIVEIRA PERTO DO P\u00d3DIO NA SUA ESTREIA NA F4"},"content":{"rendered":"\n<p>Com apenas 15 anos, Guilherme de Oliveira superou largamente as expectativas na sua estreia absoluta numa prova de monolugares, na pen\u00faltima prova da F\u00f3rmula 4 espanhola, no Circuito de&nbsp;<em>Jarama<\/em>. O nosso jovem piloto ficou muito perto de garantir um lugar no p\u00f3dio na Corrida 2 (4.\u00ba lugar) e esteve sempre em evid\u00eancia nas restantes fases da competi\u00e7\u00e3o<strong>.<\/strong><\/p>\n\n\n\n<p>Guilherme de Oliveira, aluno do 10\u00ba ano do CNSB, \u00e9 uma das grandes promessas do automobilismo nacional e depois de v\u00e1rios t\u00edtulos de campe\u00e3o em diferentes categorias do Campeonato de Portugal de Karting Kia e do Rotax Max Challenge, o nosso jovem concretizou o sonho de se estrear na f\u00f3rmula 4 espanhola, onde alinham pilotos de diversas nacionalidades. Com 16 concorrentes em pista, o Guilherme evidenciou-se logo nos treinos livres oficiais, onde foi o segundo mais r\u00e1pido (com a melhor volta te\u00f3rica). Na qualifica\u00e7\u00e3o 1, o aparecimento da chuva tornou o seu batismo nos monolugares ainda mais exigente, mas, mesmo assim, garantiu a sexta posi\u00e7\u00e3o, tendo na qualifica\u00e7\u00e3o 2 sido o nono classificado.<\/p>\n\n\n\n<p>\u201cFoi um fim de semana fant\u00e1stico. Nesta minha estreia na F\u00f3rmula 4 o meu objetivo era aprender o m\u00e1ximo poss\u00edvel, mas ainda assim consegui excelentes resultados, sobretudo na Corrida 2, pois foi muito dif\u00edcil devido \u00e0 chuva. Como esta oportunidade de correr em Jarama surgiu \u00e0 \u2018\u00faltima hora\u2019, a minha viseira transl\u00facida n\u00e3o ajudou nada e tive mesmo de abri-la um pouco, dado que o \u2018spray\u2019 era muito e n\u00e3o conseguia ver bem. Felizmente correu tudo pelo melhor e fui quarto classificado. Faltou pouco para ir ao p\u00f3dio. No entanto, vim a Jarama para me estrear a correr na F\u00f3rmula 4 e saio daqui muito satisfeito com a minha presta\u00e7\u00e3o. Nunca pensei alcan\u00e7ar estes resultados, pois tudo \u00e0 minha volta era um mundo novo \u201d- sublinhou Guilherme de Oliveira.<\/p>\n\n\n\n<p>\u00c9, pois, com orgulho que damos conta de mais um feito na carreira do nosso jovem estudante, agora no ensino secund\u00e1rio, desejando as maiores felicidades na concretiza\u00e7\u00e3o dos seus sonhos. O Guilherme \u00e9 a prova que com esfor\u00e7o tudo se consegue.<\/p>\n\n\n\n<p><\/p>\n\n\n\n<figure class=\"wp-block-image\"><img decoding=\"async\" src=\"https:\/\/cnsb.pt\/uploads\/GuilhermeOliveira2.jpg\" alt=\"\"\/><\/figure>\n\n\n\n<div class=\"wp-block-buttons is-layout-flex wp-block-buttons-is-layout-flex\">\n<div class=\"wp-block-button is-style-outline is-style-outline--1\"><a class=\"wp-block-button__link\" href=\"https:\/\/www.autosport.pt\/velocidade\/f4-jarama-guilherme-de-oliveira-perto-do-podio-na-estreia\/\" target=\"_blank\" rel=\"noreferrer noopener\">Not\u00edcia<\/a><\/div>\n<\/div>\n\n\n\n<p>[2020-11-09]<\/p>\n","protected":false},"excerpt":{"rendered":"<p>Com apenas 15 anos, Guilherme de Oliveira superou largamente as expectativas na sua estreia absoluta numa prova de monolugares, na pen\u00faltima prova da F\u00f3rmula 4 espanhola, no Circuito de&nbsp;Jarama. O nosso jovem piloto ficou muito perto de garantir um lugar no p\u00f3dio na Corrida 2 (4.\u00ba lugar) e esteve sempre em evid\u00eancia nas restantes fases [&hellip;]<\/p>\n","protected":false},"author":1,"featured_media":1379,"comment_status":"open","ping_status":"open","sticky":false,"template":"","format":"standard","meta":{"footnotes":""},"categories":[13],"tags":[],"class_list":["post-1378","post","type-post","status-publish","format-standard","has-post-thumbnail","hentry","category-comunidade"],"_links":{"self":[{"href":"https:\/\/cnsb.pt\/index.php?rest_route=\/wp\/v2\/posts\/1378","targetHints":{"allow":["GET"]}}],"collection":[{"href":"https:\/\/cnsb.pt\/index.php?rest_route=\/wp\/v2\/posts"}],"about":[{"href":"https:\/\/cnsb.pt\/index.php?rest_route=\/wp\/v2\/types\/post"}],"author":[{"embeddable":true,"href":"https:\/\/cnsb.pt\/index.php?rest_route=\/wp\/v2\/users\/1"}],"replies":[{"embeddable":true,"href":"https:\/\/cnsb.pt\/index.php?rest_route=%2Fwp%2Fv2%2Fcomments&post=1378"}],"version-history":[{"count":4,"href":"https:\/\/cnsb.pt\/index.php?rest_route=\/wp\/v2\/posts\/1378\/revisions"}],"predecessor-version":[{"id":1383,"href":"https:\/\/cnsb.pt\/index.php?rest_route=\/wp\/v2\/posts\/1378\/revisions\/1383"}],"wp:featuredmedia":[{"embeddable":true,"href":"https:\/\/cnsb.pt\/index.php?rest_route=\/wp\/v2\/media\/1379"}],"wp:attachment":[{"href":"https:\/\/cnsb.pt\/index.php?rest_route=%2Fwp%2Fv2%2Fmedia&parent=1378"}],"wp:term":[{"taxonomy":"category","embeddable":true,"href":"https:\/\/cnsb.pt\/index.php?rest_route=%2Fwp%2Fv2%2Fcategories&post=1378"},{"taxonomy":"post_tag","embeddable":true,"href":"https:\/\/cnsb.pt\/index.php?rest_route=%2Fwp%2Fv2%2Ftags&post=1378"}],"curies":[{"name":"wp","href":"https:\/\/api.w.org\/{rel}","templated":true}]}}