{"id":1368,"date":"2021-03-07T15:13:39","date_gmt":"2021-03-07T15:13:39","guid":{"rendered":"https:\/\/cnsb.pt\/?p=1368"},"modified":"2022-04-11T15:14:11","modified_gmt":"2022-04-11T15:14:11","slug":"parabens-guilherme-oliveira","status":"publish","type":"post","link":"https:\/\/cnsb.pt\/?p=1368","title":{"rendered":"Parab\u00e9ns, Guilherme Oliveira!"},"content":{"rendered":"\n<p>O jovem piloto, nosso aluno do Ensino Secund\u00e1rio, conta j\u00e1 15 t\u00edtulos nacionais e espanh\u00f3is e v\u00e1rias presen\u00e7as em campeonatos internacionais. E, como o seu desempenho, o seu talento e determina\u00e7\u00e3o n\u00e3o t\u00eam passado despercebidos, Guilherme Oliveira, de 16 anos, d\u00e1 agora o \u2018salto\u2019 para os monopostos.<\/p>\n\n\n\n<p>Quem o conhece sabe que este \u00e9 mais um sonho tornado realidade, pois nos \u00faltimos anos tem trabalhado arduamente e conseguido bons resultados no karting, sempre com o objetivo de dar o salto para a F4.&nbsp; Na verdade, este aluno do Curso de Ci\u00eancias Socioecon\u00f3micas revela: \u201cO Fernando Alonso sempre foi o meu \u00eddolo, ali\u00e1s sempre fui o # 14 por inspira\u00e7\u00e3o nele. \u00c9 para mim, um grande orgulho representar as cores Nacionais ao servi\u00e7o da equipa FA Racing Team by Drivex e quero agradecer esta grande oportunidade ao pr\u00f3prio Fernando Alonso, ao Miguel Angel de Castro e \u00e0 Synergy, que gere a minha carreira. Estou motivado e com toda a vontade de come\u00e7ar os testes de prepara\u00e7\u00e3o\u201d.<\/p>\n\n\n\n<p>Assim, o nosso pa\u00eds volta a ter um representante ao mais alto n\u00edvel numa categoria de monolugares, em campeonatos internacionais, que vai disputar o Campeonato Espanhol de F\u00f3rmula 4, com a FA Racing Team by Drivex, a equipa do bicampe\u00e3o do Mundo de F1, Fernando Alonso.<\/p>\n\n\n\n<p>[2021-03-07]<\/p>\n","protected":false},"excerpt":{"rendered":"<p>O jovem piloto, nosso aluno do Ensino Secund\u00e1rio, conta j\u00e1 15 t\u00edtulos nacionais e espanh\u00f3is e v\u00e1rias presen\u00e7as em campeonatos internacionais. E, como o seu desempenho, o seu talento e determina\u00e7\u00e3o n\u00e3o t\u00eam passado despercebidos, Guilherme Oliveira, de 16 anos, d\u00e1 agora o \u2018salto\u2019 para os monopostos. Quem o conhece sabe que este \u00e9 mais [&hellip;]<\/p>\n","protected":false},"author":1,"featured_media":1369,"comment_status":"open","ping_status":"open","sticky":false,"template":"","format":"standard","meta":{"footnotes":""},"categories":[13],"tags":[],"class_list":["post-1368","post","type-post","status-publish","format-standard","has-post-thumbnail","hentry","category-comunidade"],"_links":{"self":[{"href":"https:\/\/cnsb.pt\/index.php?rest_route=\/wp\/v2\/posts\/1368","targetHints":{"allow":["GET"]}}],"collection":[{"href":"https:\/\/cnsb.pt\/index.php?rest_route=\/wp\/v2\/posts"}],"about":[{"href":"https:\/\/cnsb.pt\/index.php?rest_route=\/wp\/v2\/types\/post"}],"author":[{"embeddable":true,"href":"https:\/\/cnsb.pt\/index.php?rest_route=\/wp\/v2\/users\/1"}],"replies":[{"embeddable":true,"href":"https:\/\/cnsb.pt\/index.php?rest_route=%2Fwp%2Fv2%2Fcomments&post=1368"}],"version-history":[{"count":2,"href":"https:\/\/cnsb.pt\/index.php?rest_route=\/wp\/v2\/posts\/1368\/revisions"}],"predecessor-version":[{"id":1371,"href":"https:\/\/cnsb.pt\/index.php?rest_route=\/wp\/v2\/posts\/1368\/revisions\/1371"}],"wp:featuredmedia":[{"embeddable":true,"href":"https:\/\/cnsb.pt\/index.php?rest_route=\/wp\/v2\/media\/1369"}],"wp:attachment":[{"href":"https:\/\/cnsb.pt\/index.php?rest_route=%2Fwp%2Fv2%2Fmedia&parent=1368"}],"wp:term":[{"taxonomy":"category","embeddable":true,"href":"https:\/\/cnsb.pt\/index.php?rest_route=%2Fwp%2Fv2%2Fcategories&post=1368"},{"taxonomy":"post_tag","embeddable":true,"href":"https:\/\/cnsb.pt\/index.php?rest_route=%2Fwp%2Fv2%2Ftags&post=1368"}],"curies":[{"name":"wp","href":"https:\/\/api.w.org\/{rel}","templated":true}]}}