{"id":1361,"date":"2021-04-26T14:25:16","date_gmt":"2021-04-26T14:25:16","guid":{"rendered":"https:\/\/cnsb.pt\/?p=1361"},"modified":"2022-04-11T14:28:42","modified_gmt":"2022-04-11T14:28:42","slug":"cnsb-celebra-o-dia-21-de-marco-dia-mundial-da-poesia","status":"publish","type":"post","link":"https:\/\/cnsb.pt\/?p=1361","title":{"rendered":"CNSB celebra o Dia 21 de Mar\u00e7o, Dia Mundial da Poesia"},"content":{"rendered":"\n<p><strong>CNSB celebra o Dia 21 de Mar\u00e7o, Dia Mundial da Poesia<\/strong><\/p>\n\n\n\n<p>No passado dia 22 de mar\u00e7o, o CNSB encheu-se de imagina\u00e7\u00e3o para comemorar o Dia Mundial da Poesia.<\/p>\n\n\n\n<p>Mesmo \u00e0 dist\u00e2ncia, os nossos alunos quiseram assinalar esta data t\u00e3o importante que todos os anos, pelo in\u00edcio da primavera, celebra as infind\u00e1veis possibilidades da palavra.<\/p>\n\n\n\n<p>Esta iniciativa foi dinamizada pelo Departamento de L\u00edngua Materna nas aulas de Portugu\u00eas e levou os alunos a declamar, a escrever e a imaginar a poesia em s\u00edtios imposs\u00edveis, sempre com os sentidos bem despertos.<\/p>\n\n\n\n<p>No final da semana, registou-se em v\u00eddeo os trabalhos e a participa\u00e7\u00e3o de alguns alunos que foi mostrada a todas as turmas.<\/p>\n\n\n\n<p>&#8220;Fez-se poesia!&#8221;<\/p>\n\n\n\n<p>[2021-04-26]<\/p>\n","protected":false},"excerpt":{"rendered":"<p>CNSB celebra o Dia 21 de Mar\u00e7o, Dia Mundial da Poesia No passado dia 22 de mar\u00e7o, o CNSB encheu-se de imagina\u00e7\u00e3o para comemorar o Dia Mundial da Poesia. Mesmo \u00e0 dist\u00e2ncia, os nossos alunos quiseram assinalar esta data t\u00e3o importante que todos os anos, pelo in\u00edcio da primavera, celebra as infind\u00e1veis possibilidades da palavra. [&hellip;]<\/p>\n","protected":false},"author":1,"featured_media":1363,"comment_status":"open","ping_status":"open","sticky":false,"template":"","format":"standard","meta":{"footnotes":""},"categories":[16],"tags":[],"class_list":["post-1361","post","type-post","status-publish","format-standard","has-post-thumbnail","hentry","category-dias-comemorativos"],"_links":{"self":[{"href":"https:\/\/cnsb.pt\/index.php?rest_route=\/wp\/v2\/posts\/1361","targetHints":{"allow":["GET"]}}],"collection":[{"href":"https:\/\/cnsb.pt\/index.php?rest_route=\/wp\/v2\/posts"}],"about":[{"href":"https:\/\/cnsb.pt\/index.php?rest_route=\/wp\/v2\/types\/post"}],"author":[{"embeddable":true,"href":"https:\/\/cnsb.pt\/index.php?rest_route=\/wp\/v2\/users\/1"}],"replies":[{"embeddable":true,"href":"https:\/\/cnsb.pt\/index.php?rest_route=%2Fwp%2Fv2%2Fcomments&post=1361"}],"version-history":[{"count":1,"href":"https:\/\/cnsb.pt\/index.php?rest_route=\/wp\/v2\/posts\/1361\/revisions"}],"predecessor-version":[{"id":1364,"href":"https:\/\/cnsb.pt\/index.php?rest_route=\/wp\/v2\/posts\/1361\/revisions\/1364"}],"wp:featuredmedia":[{"embeddable":true,"href":"https:\/\/cnsb.pt\/index.php?rest_route=\/wp\/v2\/media\/1363"}],"wp:attachment":[{"href":"https:\/\/cnsb.pt\/index.php?rest_route=%2Fwp%2Fv2%2Fmedia&parent=1361"}],"wp:term":[{"taxonomy":"category","embeddable":true,"href":"https:\/\/cnsb.pt\/index.php?rest_route=%2Fwp%2Fv2%2Fcategories&post=1361"},{"taxonomy":"post_tag","embeddable":true,"href":"https:\/\/cnsb.pt\/index.php?rest_route=%2Fwp%2Fv2%2Ftags&post=1361"}],"curies":[{"name":"wp","href":"https:\/\/api.w.org\/{rel}","templated":true}]}}