{"id":1343,"date":"2021-05-24T13:56:28","date_gmt":"2021-05-24T13:56:28","guid":{"rendered":"https:\/\/cnsb.pt\/?p=1343"},"modified":"2022-04-11T13:56:57","modified_gmt":"2022-04-11T13:56:57","slug":"dia-da-europa","status":"publish","type":"post","link":"https:\/\/cnsb.pt\/?p=1343","title":{"rendered":"Dia da Europa"},"content":{"rendered":"\n<p>No passado dia 9 de maio, o Grupo Disciplinar de Geografia, do CNSB, assinalou o Dia da Europa com uma exposi\u00e7\u00e3o simb\u00f3lica de bandeiras dos pa\u00edses europeus, mapas e representa\u00e7\u00f5es, com tem\u00e1ticas variadas, \u00e0 escala da Europa, da Uni\u00e3o Europeia e de Portugal.<\/p>\n\n\n\n<p>Sendo o Dia da Europa um dia de celebra\u00e7\u00e3o da paz e unidade do continente europeu, desenvolveu-se igualmente alguns valores e princ\u00edpios que a institui\u00e7\u00e3o incentiva, nomeadamente a solidariedade e a liberdade.<\/p>\n\n\n\n<p>Esta data assinala, tamb\u00e9m, o anivers\u00e1rio da Declara\u00e7\u00e3o Schuman, onde se prop\u00f4s a cria\u00e7\u00e3o da Comunidade Europeia do Carv\u00e3o e do A\u00e7o (CECA), predecessora da Uni\u00e3o Europeia, pelo que se registou a presen\u00e7a de algumas frases simb\u00f3licas desta declara\u00e7\u00e3o.<\/p>\n\n\n\n<p>A exposi\u00e7\u00e3o encontrou-se em exibi\u00e7\u00e3o, no bar do col\u00e9gio, entre os dias 7 e 14 de maio.<\/p>\n\n\n\n<figure class=\"wp-block-image\"><img decoding=\"async\" src=\"https:\/\/cnsb.pt\/uploads\/noticias\/FB_IMG_16209434568504558.jpg\" alt=\"Dia da Europa\"\/><\/figure>\n\n\n\n<p>Esta iniciativa est\u00e1 inserida no projeto CNSB Intercultural \u2013 Hospitalidade e Educa\u00e7\u00e3o 2.0, financiado pelo Fundo para o Asilo, a Migra\u00e7\u00e3o e a Integra\u00e7\u00e3o (FAMI).<\/p>\n\n\n\n<figure class=\"wp-block-image\"><img decoding=\"async\" src=\"https:\/\/cnsb.pt\/uploads\/FAMI_barra_5_logotipos.png\" alt=\"\"\/><\/figure>\n\n\n\n<p>[2021-05-24]<\/p>\n","protected":false},"excerpt":{"rendered":"<p>No passado dia 9 de maio, o Grupo Disciplinar de Geografia, do CNSB, assinalou o Dia da Europa com uma exposi\u00e7\u00e3o simb\u00f3lica de bandeiras dos pa\u00edses europeus, mapas e representa\u00e7\u00f5es, com tem\u00e1ticas variadas, \u00e0 escala da Europa, da Uni\u00e3o Europeia e de Portugal. Sendo o Dia da Europa um dia de celebra\u00e7\u00e3o da paz e [&hellip;]<\/p>\n","protected":false},"author":1,"featured_media":1345,"comment_status":"open","ping_status":"open","sticky":false,"template":"","format":"standard","meta":{"footnotes":""},"categories":[16],"tags":[],"class_list":["post-1343","post","type-post","status-publish","format-standard","has-post-thumbnail","hentry","category-dias-comemorativos"],"_links":{"self":[{"href":"https:\/\/cnsb.pt\/index.php?rest_route=\/wp\/v2\/posts\/1343","targetHints":{"allow":["GET"]}}],"collection":[{"href":"https:\/\/cnsb.pt\/index.php?rest_route=\/wp\/v2\/posts"}],"about":[{"href":"https:\/\/cnsb.pt\/index.php?rest_route=\/wp\/v2\/types\/post"}],"author":[{"embeddable":true,"href":"https:\/\/cnsb.pt\/index.php?rest_route=\/wp\/v2\/users\/1"}],"replies":[{"embeddable":true,"href":"https:\/\/cnsb.pt\/index.php?rest_route=%2Fwp%2Fv2%2Fcomments&post=1343"}],"version-history":[{"count":1,"href":"https:\/\/cnsb.pt\/index.php?rest_route=\/wp\/v2\/posts\/1343\/revisions"}],"predecessor-version":[{"id":1346,"href":"https:\/\/cnsb.pt\/index.php?rest_route=\/wp\/v2\/posts\/1343\/revisions\/1346"}],"wp:featuredmedia":[{"embeddable":true,"href":"https:\/\/cnsb.pt\/index.php?rest_route=\/wp\/v2\/media\/1345"}],"wp:attachment":[{"href":"https:\/\/cnsb.pt\/index.php?rest_route=%2Fwp%2Fv2%2Fmedia&parent=1343"}],"wp:term":[{"taxonomy":"category","embeddable":true,"href":"https:\/\/cnsb.pt\/index.php?rest_route=%2Fwp%2Fv2%2Fcategories&post=1343"},{"taxonomy":"post_tag","embeddable":true,"href":"https:\/\/cnsb.pt\/index.php?rest_route=%2Fwp%2Fv2%2Ftags&post=1343"}],"curies":[{"name":"wp","href":"https:\/\/api.w.org\/{rel}","templated":true}]}}