{"id":1340,"date":"2021-05-24T13:50:13","date_gmt":"2021-05-24T13:50:13","guid":{"rendered":"https:\/\/cnsb.pt\/?p=1340"},"modified":"2022-04-11T13:50:28","modified_gmt":"2022-04-11T13:50:28","slug":"dia-de-africa-2021","status":"publish","type":"post","link":"https:\/\/cnsb.pt\/?p=1340","title":{"rendered":"Dia de \u00c1frica 2021"},"content":{"rendered":"\n<p>No dia 25 de maio, celebrou-se o Dia da \u00c1frica. Desde 1963, que se criou a Organiza\u00e7\u00e3o de Unidade Africana (OUA), na Eti\u00f3pia, com o objetivo de defender e emancipar o continente africano contra a coloniza\u00e7\u00e3o europeia e contra o regime do Apartheid. Para al\u00e9m disso, simboliza o desejo de um continente mais unido e livre.<\/p>\n\n\n\n<p>Os nossos alunos africanos, para celebrar esta data, quiseram dar a conhecer a toda a comunidade educativa um pouco da sua hist\u00f3ria e cultura, atrav\u00e9s de um v\u00eddeo realizado e editado por eles. No final da manh\u00e3, haver\u00e1 lugar a uma demonstra\u00e7\u00e3o de dan\u00e7as e m\u00fasicas africanas.<\/p>\n\n\n\n<p>Mais um dia repleto de alegria e cultura. Esta iniciativa est\u00e1 inserida no projeto CNSB Intercultural \u2013 Hospitalidade e Educa\u00e7\u00e3o 2.0, financiado pelo FAMI.<\/p>\n\n\n\n<figure class=\"wp-block-image\"><img decoding=\"async\" src=\"https:\/\/cnsb.pt\/uploads\/FAMI_barra_5_logotipos.png\" alt=\"\"\/><\/figure>\n\n\n\n<p>[2021-05-24]<\/p>\n","protected":false},"excerpt":{"rendered":"<p>No dia 25 de maio, celebrou-se o Dia da \u00c1frica. Desde 1963, que se criou a Organiza\u00e7\u00e3o de Unidade Africana (OUA), na Eti\u00f3pia, com o objetivo de defender e emancipar o continente africano contra a coloniza\u00e7\u00e3o europeia e contra o regime do Apartheid. Para al\u00e9m disso, simboliza o desejo de um continente mais unido e [&hellip;]<\/p>\n","protected":false},"author":1,"featured_media":1341,"comment_status":"open","ping_status":"open","sticky":false,"template":"","format":"standard","meta":{"footnotes":""},"categories":[16],"tags":[],"class_list":["post-1340","post","type-post","status-publish","format-standard","has-post-thumbnail","hentry","category-dias-comemorativos"],"_links":{"self":[{"href":"https:\/\/cnsb.pt\/index.php?rest_route=\/wp\/v2\/posts\/1340","targetHints":{"allow":["GET"]}}],"collection":[{"href":"https:\/\/cnsb.pt\/index.php?rest_route=\/wp\/v2\/posts"}],"about":[{"href":"https:\/\/cnsb.pt\/index.php?rest_route=\/wp\/v2\/types\/post"}],"author":[{"embeddable":true,"href":"https:\/\/cnsb.pt\/index.php?rest_route=\/wp\/v2\/users\/1"}],"replies":[{"embeddable":true,"href":"https:\/\/cnsb.pt\/index.php?rest_route=%2Fwp%2Fv2%2Fcomments&post=1340"}],"version-history":[{"count":1,"href":"https:\/\/cnsb.pt\/index.php?rest_route=\/wp\/v2\/posts\/1340\/revisions"}],"predecessor-version":[{"id":1342,"href":"https:\/\/cnsb.pt\/index.php?rest_route=\/wp\/v2\/posts\/1340\/revisions\/1342"}],"wp:featuredmedia":[{"embeddable":true,"href":"https:\/\/cnsb.pt\/index.php?rest_route=\/wp\/v2\/media\/1341"}],"wp:attachment":[{"href":"https:\/\/cnsb.pt\/index.php?rest_route=%2Fwp%2Fv2%2Fmedia&parent=1340"}],"wp:term":[{"taxonomy":"category","embeddable":true,"href":"https:\/\/cnsb.pt\/index.php?rest_route=%2Fwp%2Fv2%2Fcategories&post=1340"},{"taxonomy":"post_tag","embeddable":true,"href":"https:\/\/cnsb.pt\/index.php?rest_route=%2Fwp%2Fv2%2Ftags&post=1340"}],"curies":[{"name":"wp","href":"https:\/\/api.w.org\/{rel}","templated":true}]}}