{"id":1282,"date":"2021-06-21T15:08:12","date_gmt":"2021-06-21T15:08:12","guid":{"rendered":"https:\/\/cnsb.pt\/?p=1282"},"modified":"2022-04-09T15:08:59","modified_gmt":"2022-04-09T15:08:59","slug":"semana-cultural-dos-oitavos","status":"publish","type":"post","link":"https:\/\/cnsb.pt\/?p=1282","title":{"rendered":"Semana Cultural dos oitavos"},"content":{"rendered":"\n<p>A Semana Cultural dos oitavos anos come\u00e7ou com uma visita de estudo \u00e0 R\u00e9gua, realizada no dia 21 de junho de 2021, uma segunda-feira.<\/p>\n\n\n\n<p>Pelas 9:25h da manh\u00e3, o comboio chegou e todos os alunos que j\u00e1 se encontravam na esta\u00e7\u00e3o, juntamente com os professores, seguiram caminho. A viagem durou cerca de 2 horas.<\/p>\n\n\n\n<p>Quando cheg\u00e1mos ao destino, fomos a p\u00e9 ao Museu do Douro. Os alunos foram divididos em tr\u00eas grupos: dois grupos foram visitar o Museu cada um com o seu guia cada e o terceiro foi realizar uma atividade l\u00fadica dinamizada pelas Oficinas Babel.<\/p>\n\n\n\n<p>Durante o almo\u00e7o, estivemos todos juntos a saborear os acepipes, guardados dentro das mochilas, e a contemplar a linda paisagem do Douro. Posteriormente, pudemos, ainda, passear um pouco pelas imedia\u00e7\u00f5es.<\/p>\n\n\n\n<p>A viagem de regresso decorreu sem imprevistos e cheg\u00e1mos todos muito alegres \u00e0 esta\u00e7\u00e3o de Campanh\u00e3 pelas 19:05h.<\/p>\n\n\n\n<p>Foi uma visita foi muito interessante e did\u00e1tica para todos os que nela participaram.<\/p>\n\n\n\n<p>N\u00e3o dia seguinte, ter\u00e7a-feira, tivemos uma manh\u00e3 bastante preenchida e intensa. Aconchegados com pipocas, vimos um filme muito interessante, \u201cO Sonho de Wadjda\u201d, sobre uma estudante da Ar\u00e1bia Saudita. As atividades realizadas, antes e depois da visualiza\u00e7\u00e3o do filme, levaram-nos a analisar e a refletir sobre esse tema para posteriormente escrevermos um texto com o sonho que desej\u00e1vamos para os nossos amigos.<\/p>\n\n\n\n<p>Chegados a quarta-feira, o dia solarengo de in\u00edcio de ver\u00e3o reservava-nos uma visita de Campo, realizada a p\u00e9, ao Centro Interpretativo do Patrim\u00f3nio da Afurada (CIPA). Descemos pela antiga rua Direita, renomeada C\u00e2ndido dos Reis para homenagear o her\u00f3i republicano e, depois, seguimos sempre pela marginal do Douro. Aqui e ali, fizemos paragens para as habituais fotos mas, tamb\u00e9m, para integrar algumas compet\u00eancias desenvolvidas no \u00e2mbito do projeto DAC.<\/p>\n\n\n\n<p>No CIPA, fomos muito bem recebidos e pela explica\u00e7\u00e3o clara e sabedora, fic\u00e1mos a conhecer melhor o nosso territ\u00f3rio e a reconhecer a sua genuinidade.<\/p>\n\n\n\n<p>De regresso, houve tempo para mais pontos de paragem explicativos mas, tamb\u00e9m, para cantorias, gelados e voltinhas de trotinete.<\/p>\n\n\n\n<p>Ap\u00f3s 12 km, cheg\u00e1mos ao Col\u00e9gio ofegantes, mas com pena da semana ter acabado, porque estes \u00faltimos dias foram top!!!<\/p>\n\n\n\n<p>Margarida, 8.\u00baA; Gabriela, 8.\u00baB; Mateus, 8.\u00baC<\/p>\n\n\n\n<p>[2021-06-21]<\/p>\n","protected":false},"excerpt":{"rendered":"<p>A Semana Cultural dos oitavos anos come\u00e7ou com uma visita de estudo \u00e0 R\u00e9gua, realizada no dia 21 de junho de 2021, uma segunda-feira. Pelas 9:25h da manh\u00e3, o comboio chegou e todos os alunos que j\u00e1 se encontravam na esta\u00e7\u00e3o, juntamente com os professores, seguiram caminho. A viagem durou cerca de 2 horas. Quando [&hellip;]<\/p>\n","protected":false},"author":1,"featured_media":1283,"comment_status":"open","ping_status":"open","sticky":false,"template":"","format":"standard","meta":{"footnotes":""},"categories":[13],"tags":[],"class_list":["post-1282","post","type-post","status-publish","format-standard","has-post-thumbnail","hentry","category-comunidade"],"_links":{"self":[{"href":"https:\/\/cnsb.pt\/index.php?rest_route=\/wp\/v2\/posts\/1282","targetHints":{"allow":["GET"]}}],"collection":[{"href":"https:\/\/cnsb.pt\/index.php?rest_route=\/wp\/v2\/posts"}],"about":[{"href":"https:\/\/cnsb.pt\/index.php?rest_route=\/wp\/v2\/types\/post"}],"author":[{"embeddable":true,"href":"https:\/\/cnsb.pt\/index.php?rest_route=\/wp\/v2\/users\/1"}],"replies":[{"embeddable":true,"href":"https:\/\/cnsb.pt\/index.php?rest_route=%2Fwp%2Fv2%2Fcomments&post=1282"}],"version-history":[{"count":1,"href":"https:\/\/cnsb.pt\/index.php?rest_route=\/wp\/v2\/posts\/1282\/revisions"}],"predecessor-version":[{"id":1284,"href":"https:\/\/cnsb.pt\/index.php?rest_route=\/wp\/v2\/posts\/1282\/revisions\/1284"}],"wp:featuredmedia":[{"embeddable":true,"href":"https:\/\/cnsb.pt\/index.php?rest_route=\/wp\/v2\/media\/1283"}],"wp:attachment":[{"href":"https:\/\/cnsb.pt\/index.php?rest_route=%2Fwp%2Fv2%2Fmedia&parent=1282"}],"wp:term":[{"taxonomy":"category","embeddable":true,"href":"https:\/\/cnsb.pt\/index.php?rest_route=%2Fwp%2Fv2%2Fcategories&post=1282"},{"taxonomy":"post_tag","embeddable":true,"href":"https:\/\/cnsb.pt\/index.php?rest_route=%2Fwp%2Fv2%2Ftags&post=1282"}],"curies":[{"name":"wp","href":"https:\/\/api.w.org\/{rel}","templated":true}]}}