{"id":1270,"date":"2021-09-16T14:37:03","date_gmt":"2021-09-16T14:37:03","guid":{"rendered":"https:\/\/cnsb.pt\/?p=1270"},"modified":"2022-07-25T16:57:30","modified_gmt":"2022-07-25T16:57:30","slug":"o-cnsb-voltou-a-ganhar-vida","status":"publish","type":"post","link":"https:\/\/cnsb.pt\/?p=1270","title":{"rendered":"O CNSB voltou a ganhar vida!"},"content":{"rendered":"\n<p>Setembro \u00e9 o m\u00eas dos regressos: aos amigos, aos professores e \u00e0 escola. Aos poucos, o rebuli\u00e7o e as brincadeiras foram tomando conta do nosso Col\u00e9gio, tornando-o ainda mais alegre e colorido!<\/p>\n\n\n\n<p>No dia 6 de setembro, as nossas crian\u00e7as da Creche e do Pr\u00e9-Escolar foram carinhosamente acolhidas pelas Educadoras e Auxiliares de Educa\u00e7\u00e3o. As visitas guiadas pelos diferentes espa\u00e7os do Col\u00e9gio e as reuni\u00f5es entre as Educadoras titulares e os Encarregados de Educa\u00e7\u00e3o j\u00e1 tinham sido previamente realizadas, de modo a iniciarmos o ano letivo de forma tranquila. &nbsp;Os bal\u00f5es coloridos da entrada deixaram os mais pequenos bem-dispostos e as suas salas tamb\u00e9m estavam aprimoradas para uma calorosa rece\u00e7\u00e3o. Sem d\u00favida, que este primeiro dia vai ficar na mem\u00f3ria, sen\u00e3o dos mais pequeninos, dos Pais e das Educadoras.<\/p>\n\n\n\n<p>No dia 10 de setembro, foi a vez de regressarem ao Col\u00e9gio os nossos alunos do 1.\u00ba Ciclo, com a promessa: \u201cVamos fazer magia!\u201d \u00c0 entrada, os bal\u00f5es j\u00e1 anunciavam o que o \u201cl\u00e1pis-varinha m\u00e1gica\u201d, oferecido a cada aluno, vai ajudar a concretizar, neste ano recheado de desafios. As saudades dos amigos e das professoras j\u00e1 eram muitas e os abracinhos, resguardados pelas m\u00e1scaras, foram inevit\u00e1veis. A rece\u00e7\u00e3o foi feita por cada uma das Professoras e a Dire\u00e7\u00e3o tamb\u00e9m esteve em cada uma das salas para dar as boas-vindas aos alunos. A manh\u00e3 foi recheada de atividades divertidas e de recreios mais prolongados.<\/p>\n\n\n\n<p>Os alunos do 2.\u00ba e 3.\u00ba Ciclos e do Ensino Secund\u00e1rio encheram a escola, no dia 13. Cada turma foi acolhida, na sua sala, pelo Diretor de Turma e outros professores. Eles talvez n\u00e3o notem, mas a verdade \u00e9 que chegam todos mais crescidos, ainda morenos e com muita vontade de contar o que tinham feito nas f\u00e9rias. Por isso, o per\u00edodo da rece\u00e7\u00e3o aos alunos serviu n\u00e3o s\u00f3 para transmitir as informa\u00e7\u00f5es e os cuidados necess\u00e1rios para que este ano seja feliz, de crescimento e de sucesso para todos, mas tamb\u00e9m para conversarem e se conhecerem melhor, atrav\u00e9s de din\u00e2micas de grupo, de que os alunos muito gostaram.<\/p>\n\n\n\n<p>Estamos no in\u00edcio de um novo ano, a v\u00e1rios n\u00edveis muito desafiante, mas todos juntos, alunos, escola e fam\u00edlias vamos \u201cSer o referencial da educa\u00e7\u00e3o que humaniza, ilumina e cria futuros felizes.\u201d<\/p>\n\n\n\n<p>Elisabete Jesus<\/p>\n\n\n\n<p>[2021-09-16]<\/p>\n","protected":false},"excerpt":{"rendered":"<p>Setembro \u00e9 o m\u00eas dos regressos: aos amigos, aos professores e \u00e0 escola. Aos poucos, o rebuli\u00e7o e as brincadeiras foram tomando conta do nosso Col\u00e9gio, tornando-o ainda mais alegre e colorido! No dia 6 de setembro, as nossas crian\u00e7as da Creche e do Pr\u00e9-Escolar foram carinhosamente acolhidas pelas Educadoras e Auxiliares de Educa\u00e7\u00e3o. As [&hellip;]<\/p>\n","protected":false},"author":1,"featured_media":1271,"comment_status":"open","ping_status":"open","sticky":false,"template":"","format":"standard","meta":{"footnotes":""},"categories":[13],"tags":[],"class_list":["post-1270","post","type-post","status-publish","format-standard","has-post-thumbnail","hentry","category-comunidade"],"_links":{"self":[{"href":"https:\/\/cnsb.pt\/index.php?rest_route=\/wp\/v2\/posts\/1270","targetHints":{"allow":["GET"]}}],"collection":[{"href":"https:\/\/cnsb.pt\/index.php?rest_route=\/wp\/v2\/posts"}],"about":[{"href":"https:\/\/cnsb.pt\/index.php?rest_route=\/wp\/v2\/types\/post"}],"author":[{"embeddable":true,"href":"https:\/\/cnsb.pt\/index.php?rest_route=\/wp\/v2\/users\/1"}],"replies":[{"embeddable":true,"href":"https:\/\/cnsb.pt\/index.php?rest_route=%2Fwp%2Fv2%2Fcomments&post=1270"}],"version-history":[{"count":2,"href":"https:\/\/cnsb.pt\/index.php?rest_route=\/wp\/v2\/posts\/1270\/revisions"}],"predecessor-version":[{"id":3980,"href":"https:\/\/cnsb.pt\/index.php?rest_route=\/wp\/v2\/posts\/1270\/revisions\/3980"}],"wp:featuredmedia":[{"embeddable":true,"href":"https:\/\/cnsb.pt\/index.php?rest_route=\/wp\/v2\/media\/1271"}],"wp:attachment":[{"href":"https:\/\/cnsb.pt\/index.php?rest_route=%2Fwp%2Fv2%2Fmedia&parent=1270"}],"wp:term":[{"taxonomy":"category","embeddable":true,"href":"https:\/\/cnsb.pt\/index.php?rest_route=%2Fwp%2Fv2%2Fcategories&post=1270"},{"taxonomy":"post_tag","embeddable":true,"href":"https:\/\/cnsb.pt\/index.php?rest_route=%2Fwp%2Fv2%2Ftags&post=1270"}],"curies":[{"name":"wp","href":"https:\/\/api.w.org\/{rel}","templated":true}]}}