{"id":1261,"date":"2021-09-26T14:22:54","date_gmt":"2021-09-26T14:22:54","guid":{"rendered":"https:\/\/cnsb.pt\/?p=1261"},"modified":"2022-04-09T14:26:33","modified_gmt":"2022-04-09T14:26:33","slug":"o-dia-europeu-das-linguas-2021","status":"publish","type":"post","link":"https:\/\/cnsb.pt\/?p=1261","title":{"rendered":"O Dia Europeu das L\u00ednguas 2021"},"content":{"rendered":"\n<p>O Dia Europeu das L\u00ednguas foi assinalado pela primeira vez em 2001 e, desde ent\u00e3o, tem sido celebrado todos os anos no dia 26 de setembro.<\/p>\n\n\n\n<p>Institu\u00eddo por iniciativa conjunta do Conselho da Europa e da Comiss\u00e3o Europeia, este dia visa celebrar a diversidade lingu\u00edstica, reconhecendo-a como um patrim\u00f3nio europeu comum a preservar. Refor\u00e7a-se, assim, a import\u00e2ncia crescente do desenvolvimento das compet\u00eancias lingu\u00edsticas no mundo em que vivemos e que se encontra em constante evolu\u00e7\u00e3o. Numa sociedade cada vez mais intercultural, torna-se premente abrirmo-nos a outras realidades, alargando cada vez mais os nossos horizontes, sendo a aprendizagem de l\u00ednguas uma forma de nos integrarmos neste mundo em constante muta\u00e7\u00e3o e nas suas diferentes culturas.<\/p>\n\n\n\n<figure class=\"wp-block-image\"><img decoding=\"async\" src=\"https:\/\/cnsb.pt\/uploads\/noticias\/DiaEuropeuLinguas%202021.jpg\" alt=\"O Dia Europeu das L\u00ednguas 2021\"\/><\/figure>\n\n\n\n<p>\u00c0 semelhan\u00e7a dos anos anteriores, tamb\u00e9m o nosso Col\u00e9gio n\u00e3o podia deixar passar em branco esta data, visto considerar a aprendizagem de l\u00ednguas como uma mais-valia, em particular, para os jovens do s\u00e9culo XXI.<\/p>\n\n\n\n<p>Assim, este ano, a celebra\u00e7\u00e3o deste dia foi ainda mais especial, pois comemoraram-se os 20 anos desta efem\u00e9ride, tendo sido desenvolvidas v\u00e1rias atividades nas aulas de l\u00edngua estrangeira, desde o 1.\u00ba Ciclo ao Ensino Secund\u00e1rio.<\/p>\n\n\n\n<p>S\u00f3 podemos esperar que esta data continue a ser celebrada durante muitos mais anos e que o nosso Col\u00e9gio continue a apoiar e a incentivar a aprendizagem de l\u00ednguas estrangeiras, bem como a \u201cacarinhar\u201d a multiculturalidade, t\u00e3o presente na nossa comunidade educativa.<\/p>\n\n\n\n<p>Liliana Santos, 11.3<\/p>\n\n\n\n<p>Sara Domingues, 11.3<\/p>\n\n\n\n<p>[2021-09-26]<\/p>\n","protected":false},"excerpt":{"rendered":"<p>O Dia Europeu das L\u00ednguas foi assinalado pela primeira vez em 2001 e, desde ent\u00e3o, tem sido celebrado todos os anos no dia 26 de setembro. Institu\u00eddo por iniciativa conjunta do Conselho da Europa e da Comiss\u00e3o Europeia, este dia visa celebrar a diversidade lingu\u00edstica, reconhecendo-a como um patrim\u00f3nio europeu comum a preservar. Refor\u00e7a-se, assim, [&hellip;]<\/p>\n","protected":false},"author":1,"featured_media":1262,"comment_status":"open","ping_status":"open","sticky":false,"template":"","format":"standard","meta":{"footnotes":""},"categories":[16],"tags":[],"class_list":["post-1261","post","type-post","status-publish","format-standard","has-post-thumbnail","hentry","category-dias-comemorativos"],"_links":{"self":[{"href":"https:\/\/cnsb.pt\/index.php?rest_route=\/wp\/v2\/posts\/1261","targetHints":{"allow":["GET"]}}],"collection":[{"href":"https:\/\/cnsb.pt\/index.php?rest_route=\/wp\/v2\/posts"}],"about":[{"href":"https:\/\/cnsb.pt\/index.php?rest_route=\/wp\/v2\/types\/post"}],"author":[{"embeddable":true,"href":"https:\/\/cnsb.pt\/index.php?rest_route=\/wp\/v2\/users\/1"}],"replies":[{"embeddable":true,"href":"https:\/\/cnsb.pt\/index.php?rest_route=%2Fwp%2Fv2%2Fcomments&post=1261"}],"version-history":[{"count":1,"href":"https:\/\/cnsb.pt\/index.php?rest_route=\/wp\/v2\/posts\/1261\/revisions"}],"predecessor-version":[{"id":1263,"href":"https:\/\/cnsb.pt\/index.php?rest_route=\/wp\/v2\/posts\/1261\/revisions\/1263"}],"wp:featuredmedia":[{"embeddable":true,"href":"https:\/\/cnsb.pt\/index.php?rest_route=\/wp\/v2\/media\/1262"}],"wp:attachment":[{"href":"https:\/\/cnsb.pt\/index.php?rest_route=%2Fwp%2Fv2%2Fmedia&parent=1261"}],"wp:term":[{"taxonomy":"category","embeddable":true,"href":"https:\/\/cnsb.pt\/index.php?rest_route=%2Fwp%2Fv2%2Fcategories&post=1261"},{"taxonomy":"post_tag","embeddable":true,"href":"https:\/\/cnsb.pt\/index.php?rest_route=%2Fwp%2Fv2%2Ftags&post=1261"}],"curies":[{"name":"wp","href":"https:\/\/api.w.org\/{rel}","templated":true}]}}