{"id":1252,"date":"2021-11-02T14:10:18","date_gmt":"2021-11-02T14:10:18","guid":{"rendered":"https:\/\/cnsb.pt\/?p=1252"},"modified":"2022-04-09T14:10:51","modified_gmt":"2022-04-09T14:10:51","slug":"alunos-do-cnsb-rezam-pela-paz","status":"publish","type":"post","link":"https:\/\/cnsb.pt\/?p=1252","title":{"rendered":"Alunos do CNSB rezam pela Paz"},"content":{"rendered":"\n<p>No passado dia 18 de outubro, realizou-se a campanha de ora\u00e7\u00e3o&nbsp;<em>\u201cUm Milh\u00e3o de Crian\u00e7as Rezam o Ter\u00e7o pela Paz\u201d<\/em>. Foram centenas de milhares de crian\u00e7as unidas em ora\u00e7\u00e3o pela paz em todo o mundo.<\/p>\n\n\n\n<p>Na&nbsp;<a href=\"https:\/\/acninternational.org\/millionchildrenpraying\/pt-pt\/\" target=\"_blank\" rel=\"noreferrer noopener\">p\u00e1gina internacional da Funda\u00e7\u00e3o AIS<\/a>&nbsp;\/&nbsp;<a href=\"https:\/\/www.fundacao-ais.pt\/pt\" target=\"_blank\" rel=\"noreferrer noopener\">ACN<\/a>&nbsp;<em>(Aid to the Church in Need)&nbsp;<\/em>na Internet, registaram-se 300 mil crian\u00e7as, o que d\u00e1 uma ideia da dimens\u00e3o que esta iniciativa obteve a n\u00edvel global e que teve o apoio do Papa Francisco. \u201cNo entanto, o n\u00famero total de participantes ser\u00e1 certamente bastante maior, pois muitos grupos, escolas e fam\u00edlias participaram no evento, mas n\u00e3o se registaram\u201d, explicou o Padre Martin Barta, assistente eclesi\u00e1stico internacional da funda\u00e7\u00e3o pontif\u00edcia.<\/p>\n\n\n\n<p>Por sua vez, a diretora da AIS em Portugal, Catarina Martins de Bettencourt, sublinhou que \u201cindependentemente do n\u00famero de crian\u00e7as e de fam\u00edlias, sabemos que esta corrente de ora\u00e7\u00e3o est\u00e1 a ganhar uma ades\u00e3o crescente e isso percebe-se at\u00e9 nas cartas que nos enviaram e nos pedidos de ajuda para a organiza\u00e7\u00e3o deste evento em muitas escolas e grupos no nosso pa\u00eds\u201d.<\/p>\n\n\n\n<p>De Portugal, registaram-se mais de 7.600 crian\u00e7as no site e, dessas, 639 s\u00e3o do Col\u00e9gio de Nossa Senhora da Bonan\u00e7a. Na verdade, neste dia, todos foram convidados a rezar pela paz e houve uma onda solid\u00e1ria muito forte, desde os mais pequenos aos mais velhos.<\/p>\n\n\n\n<p>Esta iniciativa j\u00e1 decorre desde 2005 e, segundo o Padre Martin Barta, esta ora\u00e7\u00e3o comunit\u00e1ria \u00e9 especialmente comovente e d\u00e1-nos a esperan\u00e7a de que o amor que vem da f\u00e9 poder\u00e1 triunfar sobre a viol\u00eancia.<\/p>\n\n\n\n<p><em>Ir. M\u00aa da Concei\u00e7\u00e3o Mesquita<\/em><\/p>\n\n\n\n<p>[2021-11-02]<\/p>\n","protected":false},"excerpt":{"rendered":"<p>No passado dia 18 de outubro, realizou-se a campanha de ora\u00e7\u00e3o&nbsp;\u201cUm Milh\u00e3o de Crian\u00e7as Rezam o Ter\u00e7o pela Paz\u201d. Foram centenas de milhares de crian\u00e7as unidas em ora\u00e7\u00e3o pela paz em todo o mundo. Na&nbsp;p\u00e1gina internacional da Funda\u00e7\u00e3o AIS&nbsp;\/&nbsp;ACN&nbsp;(Aid to the Church in Need)&nbsp;na Internet, registaram-se 300 mil crian\u00e7as, o que d\u00e1 uma ideia da [&hellip;]<\/p>\n","protected":false},"author":1,"featured_media":1253,"comment_status":"open","ping_status":"open","sticky":false,"template":"","format":"standard","meta":{"footnotes":""},"categories":[14],"tags":[],"class_list":["post-1252","post","type-post","status-publish","format-standard","has-post-thumbnail","hentry","category-solidariedade"],"_links":{"self":[{"href":"https:\/\/cnsb.pt\/index.php?rest_route=\/wp\/v2\/posts\/1252","targetHints":{"allow":["GET"]}}],"collection":[{"href":"https:\/\/cnsb.pt\/index.php?rest_route=\/wp\/v2\/posts"}],"about":[{"href":"https:\/\/cnsb.pt\/index.php?rest_route=\/wp\/v2\/types\/post"}],"author":[{"embeddable":true,"href":"https:\/\/cnsb.pt\/index.php?rest_route=\/wp\/v2\/users\/1"}],"replies":[{"embeddable":true,"href":"https:\/\/cnsb.pt\/index.php?rest_route=%2Fwp%2Fv2%2Fcomments&post=1252"}],"version-history":[{"count":1,"href":"https:\/\/cnsb.pt\/index.php?rest_route=\/wp\/v2\/posts\/1252\/revisions"}],"predecessor-version":[{"id":1254,"href":"https:\/\/cnsb.pt\/index.php?rest_route=\/wp\/v2\/posts\/1252\/revisions\/1254"}],"wp:featuredmedia":[{"embeddable":true,"href":"https:\/\/cnsb.pt\/index.php?rest_route=\/wp\/v2\/media\/1253"}],"wp:attachment":[{"href":"https:\/\/cnsb.pt\/index.php?rest_route=%2Fwp%2Fv2%2Fmedia&parent=1252"}],"wp:term":[{"taxonomy":"category","embeddable":true,"href":"https:\/\/cnsb.pt\/index.php?rest_route=%2Fwp%2Fv2%2Fcategories&post=1252"},{"taxonomy":"post_tag","embeddable":true,"href":"https:\/\/cnsb.pt\/index.php?rest_route=%2Fwp%2Fv2%2Ftags&post=1252"}],"curies":[{"name":"wp","href":"https:\/\/api.w.org\/{rel}","templated":true}]}}