{"id":1241,"date":"2021-10-20T12:07:32","date_gmt":"2021-10-20T12:07:32","guid":{"rendered":"https:\/\/cnsb.pt\/?p=1241"},"modified":"2022-04-09T14:05:16","modified_gmt":"2022-04-09T14:05:16","slug":"irma-lurdes-matias-uma-vida-ao-servico-da-comunidade","status":"publish","type":"post","link":"https:\/\/cnsb.pt\/?p=1241","title":{"rendered":"Irm\u00e3 Lurdes Matias: uma vida ao servi\u00e7o da comunidade"},"content":{"rendered":"\n<p>Irm\u00e3 Lurdes Matias recebeu o Pr\u00e9mio Padre Nuno Burguete, fundador da Associa\u00e7\u00e3o dos Estabelecimentos de Ensino Particular (AEEP), que homenageia todos os anos um educador de cada estabelecimento de ensino particular e cooperativo, que se tenha notabilizado ao longo da sua carreira escolar e profissional. Foi no passado dia 20, em Lisboa, que decorreu a cerim\u00f3nia de entrega desse distinto galard\u00e3o.<\/p>\n\n\n\n<p>Muito cedo, a Irm\u00e3 Lurdes Matias ingressou no Col\u00e9gio Nossa Senhora da Bonan\u00e7a, mas foi na sua adolesc\u00eancia que se sentiu atra\u00edda pelo carisma e obra das Irm\u00e3s Franciscanas Hospitaleiras e sempre se mostrou dispon\u00edvel para colaborar com as Irm\u00e3s. Foi nesta institui\u00e7\u00e3o que a acolheu que se preparou para professar, ao mesmo tempo que estudava. Mulher decidida e determinada come\u00e7ou a sua carreira como Educadora de Inf\u00e2ncia e, mais tarde, abra\u00e7ou o primeiro ciclo. Depois de passar por alguns Col\u00e9gios da Congrega\u00e7\u00e3o, nomeadamente o Col\u00e9gio da Imaculada Concei\u00e7\u00e3o de Lamego e o Col\u00e9gio de Nossa Senhora do Alto, em Faro, regressou a Vila Nova de Gaia, ao seu Col\u00e9gio de forma\u00e7\u00e3o, onde permanece at\u00e9 hoje com merecido reconhecimento de todos quantos passam pelas suas m\u00e3os. Irm\u00e3 frontal e sincera foi durante muitos anos respons\u00e1vel pelo internato, servindo com extraordin\u00e1ria dedica\u00e7\u00e3o no acolhimento e hospitalidade di\u00e1rios todas as alunas internas. Simultaneamente, ensinava os seus alunos em sala de aula, n\u00e3o deixando de acompanhar o seu percurso pela vida fora, pelo que antigos e novos alunos lhe reconhecem rigor, exig\u00eancia e dedica\u00e7\u00e3o no seu trabalho.<\/p>\n\n\n\n<p>Atualmente, \u00e9 correspons\u00e1vel pela gest\u00e3o do Col\u00e9gio onde continua a demonstrar grande entrega, responsabilidade, exig\u00eancia e profissionalismo.<\/p>\n\n\n\n<p>Uma vez que sempre pautou a sua vida pelos valores franciscanos que, de nova, abra\u00e7ou, tomando para si o exemplo da fundadora \u201c<em>onde houver o bem a fazer que se fa\u00e7a\u201d,&nbsp;<\/em>ser agraciada com esta distin\u00e7\u00e3o \u00e9 um importante sinal de que a comunidade educativa lhe reconhece superiores qualidades.<\/p>\n\n\n\n<p>Assim sendo, expressamos o merecido reconhecimento, estima e considera\u00e7\u00e3o \u00e0 nossa querida Irm\u00e3 Lurdes!<\/p>\n\n\n\n<p>Maria Lu\u00edsa Pinto e Paula Ferreira<\/p>\n\n\n\n<p>(professoras CNSB)<\/p>\n\n\n\n<p>[2021-10-20]<\/p>\n","protected":false},"excerpt":{"rendered":"<p>Irm\u00e3 Lurdes Matias recebeu o Pr\u00e9mio Padre Nuno Burguete, fundador da Associa\u00e7\u00e3o dos Estabelecimentos de Ensino Particular (AEEP), que homenageia todos os anos um educador de cada estabelecimento de ensino particular e cooperativo, que se tenha notabilizado ao longo da sua carreira escolar e profissional. Foi no passado dia 20, em Lisboa, que decorreu a [&hellip;]<\/p>\n","protected":false},"author":1,"featured_media":1246,"comment_status":"open","ping_status":"open","sticky":false,"template":"","format":"standard","meta":{"footnotes":""},"categories":[13],"tags":[],"class_list":["post-1241","post","type-post","status-publish","format-standard","has-post-thumbnail","hentry","category-comunidade"],"_links":{"self":[{"href":"https:\/\/cnsb.pt\/index.php?rest_route=\/wp\/v2\/posts\/1241","targetHints":{"allow":["GET"]}}],"collection":[{"href":"https:\/\/cnsb.pt\/index.php?rest_route=\/wp\/v2\/posts"}],"about":[{"href":"https:\/\/cnsb.pt\/index.php?rest_route=\/wp\/v2\/types\/post"}],"author":[{"embeddable":true,"href":"https:\/\/cnsb.pt\/index.php?rest_route=\/wp\/v2\/users\/1"}],"replies":[{"embeddable":true,"href":"https:\/\/cnsb.pt\/index.php?rest_route=%2Fwp%2Fv2%2Fcomments&post=1241"}],"version-history":[{"count":1,"href":"https:\/\/cnsb.pt\/index.php?rest_route=\/wp\/v2\/posts\/1241\/revisions"}],"predecessor-version":[{"id":1243,"href":"https:\/\/cnsb.pt\/index.php?rest_route=\/wp\/v2\/posts\/1241\/revisions\/1243"}],"wp:featuredmedia":[{"embeddable":true,"href":"https:\/\/cnsb.pt\/index.php?rest_route=\/wp\/v2\/media\/1246"}],"wp:attachment":[{"href":"https:\/\/cnsb.pt\/index.php?rest_route=%2Fwp%2Fv2%2Fmedia&parent=1241"}],"wp:term":[{"taxonomy":"category","embeddable":true,"href":"https:\/\/cnsb.pt\/index.php?rest_route=%2Fwp%2Fv2%2Fcategories&post=1241"},{"taxonomy":"post_tag","embeddable":true,"href":"https:\/\/cnsb.pt\/index.php?rest_route=%2Fwp%2Fv2%2Ftags&post=1241"}],"curies":[{"name":"wp","href":"https:\/\/api.w.org\/{rel}","templated":true}]}}