{"id":1235,"date":"2021-11-05T11:31:05","date_gmt":"2021-11-05T11:31:05","guid":{"rendered":"https:\/\/cnsb.pt\/?p=1235"},"modified":"2022-04-09T13:51:07","modified_gmt":"2022-04-09T13:51:07","slug":"vos-estis-sal-terrae","status":"publish","type":"post","link":"https:\/\/cnsb.pt\/?p=1235","title":{"rendered":"Vos estis sal terrae"},"content":{"rendered":"\n<p>Na sexta-feira, dia 5 de novembro, os alunos do 11\u00ba e do 12\u00ba anos dirigiram-se com os seus professores, ao Semin\u00e1rio do Cristo Rei para assistirem ao vivo a uma reprodu\u00e7\u00e3o do \u201cSerm\u00e3o de Santo Ant\u00f3nio (aos peixes)\u201d de Padre Ant\u00f3nio Vieira, obra integrada no programa de 11\u00ba ano de Portugu\u00eas.<\/p>\n\n\n\n<p>&nbsp;&nbsp;&nbsp;&nbsp;&nbsp;&nbsp;&nbsp;&nbsp;&nbsp;&nbsp;&nbsp;&nbsp;Marcelo Lafontana, da Companhia Formas Animadas, fez previamente uma contextualiza\u00e7\u00e3o da \u00e9poca barroca, na qual exaltou as admir\u00e1veis compet\u00eancias da orat\u00f3ria do padre Ant\u00f3nio Vieira, muito cativante e persuasivo, e referiu tamb\u00e9m que este fora perseguido pela Santa Inquisi\u00e7\u00e3o por ter questionado os seus m\u00e9todos \u201cnada santos\u201d e o modo desumano como erradicavam os ideais que n\u00e3o iam de encontro aos outrora defendidos pela Igreja. Para finalizar este pre\u00e2mbulo, aludiu ao nome que os \u00edndios brasileiros atribu\u00edram a Vieira &#8211;<em>Payassu<\/em>-, que significa Pai Grande e, encarnando a figura do pr\u00f3prio Padre Ant\u00f3nio Vieira, apareceu ao audit\u00f3rio sobre umas andas (que lhe conferiam uma altura superior a dois metros) e envergando o h\u00e1bito preto de jesu\u00edta. Posteriormente, o orador proferiu o serm\u00e3o, respeitando a sua estrutura original &#8211; explicita\u00e7\u00e3o do conceito predic\u00e1vel, \u201c<em>Vos<\/em>&nbsp;<em>estis sal terrae<\/em>\u201d (\u201cV\u00f3s sois o sal da terra\u201d), refer\u00eancia \u00e0s virtudes dos peixes e aos respetivos v\u00edcios, em geral e em particular &#8211; que transp\u00f4s eximiamente do texto argumentativo para a oralidade e a fundiu com efeitos sonoros, eloqu\u00eancia e exemplos contempor\u00e2neos que captaram mais eficazmente a aten\u00e7\u00e3o dos alunos.<\/p>\n\n\n\n<p>&nbsp;&nbsp;&nbsp;&nbsp;&nbsp;&nbsp;&nbsp;&nbsp;&nbsp;&nbsp;&nbsp; O modo como o serm\u00e3o foi reproduzido, dotado de grande expressividade, aliado \u00e0 envolv\u00eancia proporcionada aos alunos na experi\u00eancia, despertou estupefa\u00e7\u00e3o, riso, susto e, certamente, ter\u00e1 tamb\u00e9m estimulado a consci\u00eancia social que o serm\u00e3o visa atingir com a sua cr\u00edtica dissimuladamente dirigida aos Homens. As fun\u00e7\u00f5es da orat\u00f3ria da prega\u00e7\u00e3o &#8211;&nbsp;<em>movere<\/em>&nbsp;(persuadir),&nbsp;<em>docere<\/em>&nbsp;(ensinar) e&nbsp;<em>delectare<\/em>&nbsp;(deleitar) &#8211; foram cumpridas com sucesso e a experi\u00eancia foi definitivamente impactante e enriquecedora, para al\u00e9m de ter sido uma forma l\u00fadica e aliciante de consolidar conte\u00fados letivos.<\/p>\n\n\n\n<p>Ana Lu\u00edsa Bordalo<\/p>\n\n\n\n<p>12.\u00ba ano<\/p>\n\n\n\n<p>[2021-11-05]<\/p>\n","protected":false},"excerpt":{"rendered":"<p>Na sexta-feira, dia 5 de novembro, os alunos do 11\u00ba e do 12\u00ba anos dirigiram-se com os seus professores, ao Semin\u00e1rio do Cristo Rei para assistirem ao vivo a uma reprodu\u00e7\u00e3o do \u201cSerm\u00e3o de Santo Ant\u00f3nio (aos peixes)\u201d de Padre Ant\u00f3nio Vieira, obra integrada no programa de 11\u00ba ano de Portugu\u00eas. &nbsp;&nbsp;&nbsp;&nbsp;&nbsp;&nbsp;&nbsp;&nbsp;&nbsp;&nbsp;&nbsp;&nbsp;Marcelo Lafontana, da Companhia [&hellip;]<\/p>\n","protected":false},"author":1,"featured_media":1236,"comment_status":"open","ping_status":"open","sticky":false,"template":"","format":"standard","meta":{"footnotes":""},"categories":[15],"tags":[],"class_list":["post-1235","post","type-post","status-publish","format-standard","has-post-thumbnail","hentry","category-eventos"],"_links":{"self":[{"href":"https:\/\/cnsb.pt\/index.php?rest_route=\/wp\/v2\/posts\/1235","targetHints":{"allow":["GET"]}}],"collection":[{"href":"https:\/\/cnsb.pt\/index.php?rest_route=\/wp\/v2\/posts"}],"about":[{"href":"https:\/\/cnsb.pt\/index.php?rest_route=\/wp\/v2\/types\/post"}],"author":[{"embeddable":true,"href":"https:\/\/cnsb.pt\/index.php?rest_route=\/wp\/v2\/users\/1"}],"replies":[{"embeddable":true,"href":"https:\/\/cnsb.pt\/index.php?rest_route=%2Fwp%2Fv2%2Fcomments&post=1235"}],"version-history":[{"count":1,"href":"https:\/\/cnsb.pt\/index.php?rest_route=\/wp\/v2\/posts\/1235\/revisions"}],"predecessor-version":[{"id":1237,"href":"https:\/\/cnsb.pt\/index.php?rest_route=\/wp\/v2\/posts\/1235\/revisions\/1237"}],"wp:featuredmedia":[{"embeddable":true,"href":"https:\/\/cnsb.pt\/index.php?rest_route=\/wp\/v2\/media\/1236"}],"wp:attachment":[{"href":"https:\/\/cnsb.pt\/index.php?rest_route=%2Fwp%2Fv2%2Fmedia&parent=1235"}],"wp:term":[{"taxonomy":"category","embeddable":true,"href":"https:\/\/cnsb.pt\/index.php?rest_route=%2Fwp%2Fv2%2Fcategories&post=1235"},{"taxonomy":"post_tag","embeddable":true,"href":"https:\/\/cnsb.pt\/index.php?rest_route=%2Fwp%2Fv2%2Ftags&post=1235"}],"curies":[{"name":"wp","href":"https:\/\/api.w.org\/{rel}","templated":true}]}}