{"id":1231,"date":"2021-11-08T11:24:18","date_gmt":"2021-11-08T11:24:18","guid":{"rendered":"https:\/\/cnsb.pt\/?p=1231"},"modified":"2022-04-09T13:50:43","modified_gmt":"2022-04-09T13:50:43","slug":"encontro-nacional-de-escolas-ubuntu","status":"publish","type":"post","link":"https:\/\/cnsb.pt\/?p=1231","title":{"rendered":"Encontro Nacional de escolas Ubuntu"},"content":{"rendered":"\n<p>Durante a tarde, tivemos a oportunidade de aplaudir v\u00e1rias comunica\u00e7\u00f5es de figuras ilustres do nosso pa\u00eds, nomeadamente o Administrador da Funda\u00e7\u00e3o Calouste Gulbenkian, o Presidente do Instituto Padre Ant\u00f3nio Vieira, o Ministro e o Secret\u00e1rio de Estado da Educa\u00e7\u00e3o e at\u00e9 uma mensagem do Senhor Presidente da Rep\u00fablica.<\/p>\n\n\n\n<p>Para al\u00e9m disso, pudemos ouvir o testemunho de uma vida de resili\u00eancia e empatia, Doaa Al Zamel, uma refugiada da S\u00edria, protagonista do livro \u201cUma esperan\u00e7a mais forte que o mar\u201d. Jovem que enfrentou e superou grandes obst\u00e1culos e cujo depoimento poder\u00e1 servir de inspira\u00e7\u00e3o para os membros da Academia de L\u00edderes Ubuntu.<\/p>\n\n\n\n<p>Surgiu tamb\u00e9m um momento onde diretores, professores e alunos compartilharam a sua experi\u00eancia, ap\u00f3s a semana ubuntu nas suas escolas, falando da grande mudan\u00e7a que este projeto proporcionou, acentuando o grande ideal ubuntu que \u00e9 \u201ceu sou, porque tu \u00e9s\u201d e reconhecendo a import\u00e2ncia dos seus cinco pilares: servi\u00e7o, empatia, autoconfian\u00e7a, autoconhecimento e resili\u00eancia na nossa vida.<\/p>\n\n\n\n<p>A tarde terminou com uma atua\u00e7\u00e3o da Orquestra de Percuss\u00e3o Corporal do Conservat\u00f3rio de Artes de Loures e, de seguida, partimos em dire\u00e7\u00e3o a casa cheios de esperan\u00e7a num futuro melhor e a acreditar que s\u00f3 podemos construir sociedades mais coesas se refor\u00e7armos a cultura colaborativa na nossa sociedade e no mundo.<\/p>\n\n\n\n<p>Ana Madeira<\/p>\n\n\n\n<p>[2021-11-08]<\/p>\n","protected":false},"excerpt":{"rendered":"<p>Durante a tarde, tivemos a oportunidade de aplaudir v\u00e1rias comunica\u00e7\u00f5es de figuras ilustres do nosso pa\u00eds, nomeadamente o Administrador da Funda\u00e7\u00e3o Calouste Gulbenkian, o Presidente do Instituto Padre Ant\u00f3nio Vieira, o Ministro e o Secret\u00e1rio de Estado da Educa\u00e7\u00e3o e at\u00e9 uma mensagem do Senhor Presidente da Rep\u00fablica. Para al\u00e9m disso, pudemos ouvir o testemunho [&hellip;]<\/p>\n","protected":false},"author":1,"featured_media":1232,"comment_status":"open","ping_status":"open","sticky":false,"template":"","format":"standard","meta":{"footnotes":""},"categories":[15],"tags":[],"class_list":["post-1231","post","type-post","status-publish","format-standard","has-post-thumbnail","hentry","category-eventos"],"_links":{"self":[{"href":"https:\/\/cnsb.pt\/index.php?rest_route=\/wp\/v2\/posts\/1231","targetHints":{"allow":["GET"]}}],"collection":[{"href":"https:\/\/cnsb.pt\/index.php?rest_route=\/wp\/v2\/posts"}],"about":[{"href":"https:\/\/cnsb.pt\/index.php?rest_route=\/wp\/v2\/types\/post"}],"author":[{"embeddable":true,"href":"https:\/\/cnsb.pt\/index.php?rest_route=\/wp\/v2\/users\/1"}],"replies":[{"embeddable":true,"href":"https:\/\/cnsb.pt\/index.php?rest_route=%2Fwp%2Fv2%2Fcomments&post=1231"}],"version-history":[{"count":2,"href":"https:\/\/cnsb.pt\/index.php?rest_route=\/wp\/v2\/posts\/1231\/revisions"}],"predecessor-version":[{"id":1234,"href":"https:\/\/cnsb.pt\/index.php?rest_route=\/wp\/v2\/posts\/1231\/revisions\/1234"}],"wp:featuredmedia":[{"embeddable":true,"href":"https:\/\/cnsb.pt\/index.php?rest_route=\/wp\/v2\/media\/1232"}],"wp:attachment":[{"href":"https:\/\/cnsb.pt\/index.php?rest_route=%2Fwp%2Fv2%2Fmedia&parent=1231"}],"wp:term":[{"taxonomy":"category","embeddable":true,"href":"https:\/\/cnsb.pt\/index.php?rest_route=%2Fwp%2Fv2%2Fcategories&post=1231"},{"taxonomy":"post_tag","embeddable":true,"href":"https:\/\/cnsb.pt\/index.php?rest_route=%2Fwp%2Fv2%2Ftags&post=1231"}],"curies":[{"name":"wp","href":"https:\/\/api.w.org\/{rel}","templated":true}]}}