{"id":1222,"date":"2021-10-29T17:43:04","date_gmt":"2021-10-29T17:43:04","guid":{"rendered":"https:\/\/cnsb.pt\/?p=1222"},"modified":"2022-07-25T16:31:08","modified_gmt":"2022-07-25T16:31:08","slug":"outubro-rosa","status":"publish","type":"post","link":"https:\/\/cnsb.pt\/?p=1222","title":{"rendered":"OUTUBRO ROSA"},"content":{"rendered":"\n<p>Na semana de 25 a 29 de outubro, o 9.\u00ba B alertou para a import\u00e2ncia da preven\u00e7\u00e3o e do diagn\u00f3stico precoce do cancro da mama e do cancro do colo do \u00fatero.<\/p>\n\n\n\n<p>As atividades desenvolvidas pela turma, alusivas a esta tem\u00e1tica, inclu\u00edram a elabora\u00e7\u00e3o de cartazes e a sua afixa\u00e7\u00e3o em pontos estrat\u00e9gicos do Col\u00e9gio. As alunas Mariana Marcos e Maria Ferreira foram respons\u00e1veis pela sensibiliza\u00e7\u00e3o das turmas do 5.\u00ba ao 12.\u00ba ano e convidaram toda a comunidade escolar a juntar-se \u00e0 iniciativa \u201cMascara-te por esta causa\u201d. Esta tinha como objetivo o uso de uma m\u00e1scara rosa, no dia 29 de Outubro, para assinalar a import\u00e2ncia da preven\u00e7\u00e3o do cancro da mama e do colo do \u00fatero.<\/p>\n\n\n\n<p>\u00a0E, qual n\u00e3o foi a nossa alegria, quando vimos que, nesse dia, a maior parte dos alunos e dos professores vieram \u201cmascarados\u201d de rosa!<\/p>\n\n\n\n<p>Gabriela Azevedo<\/p>\n\n\n\n<p>[2021-11-29]<\/p>\n","protected":false},"excerpt":{"rendered":"<p>Na semana de 25 a 29 de outubro, o 9.\u00ba B alertou para a import\u00e2ncia da preven\u00e7\u00e3o e do diagn\u00f3stico precoce do cancro da mama e do cancro do colo do \u00fatero. As atividades desenvolvidas pela turma, alusivas a esta tem\u00e1tica, inclu\u00edram a elabora\u00e7\u00e3o de cartazes e a sua afixa\u00e7\u00e3o em pontos estrat\u00e9gicos do Col\u00e9gio. [&hellip;]<\/p>\n","protected":false},"author":1,"featured_media":1223,"comment_status":"open","ping_status":"open","sticky":false,"template":"","format":"standard","meta":{"footnotes":""},"categories":[16],"tags":[],"class_list":["post-1222","post","type-post","status-publish","format-standard","has-post-thumbnail","hentry","category-dias-comemorativos"],"_links":{"self":[{"href":"https:\/\/cnsb.pt\/index.php?rest_route=\/wp\/v2\/posts\/1222","targetHints":{"allow":["GET"]}}],"collection":[{"href":"https:\/\/cnsb.pt\/index.php?rest_route=\/wp\/v2\/posts"}],"about":[{"href":"https:\/\/cnsb.pt\/index.php?rest_route=\/wp\/v2\/types\/post"}],"author":[{"embeddable":true,"href":"https:\/\/cnsb.pt\/index.php?rest_route=\/wp\/v2\/users\/1"}],"replies":[{"embeddable":true,"href":"https:\/\/cnsb.pt\/index.php?rest_route=%2Fwp%2Fv2%2Fcomments&post=1222"}],"version-history":[{"count":2,"href":"https:\/\/cnsb.pt\/index.php?rest_route=\/wp\/v2\/posts\/1222\/revisions"}],"predecessor-version":[{"id":3951,"href":"https:\/\/cnsb.pt\/index.php?rest_route=\/wp\/v2\/posts\/1222\/revisions\/3951"}],"wp:featuredmedia":[{"embeddable":true,"href":"https:\/\/cnsb.pt\/index.php?rest_route=\/wp\/v2\/media\/1223"}],"wp:attachment":[{"href":"https:\/\/cnsb.pt\/index.php?rest_route=%2Fwp%2Fv2%2Fmedia&parent=1222"}],"wp:term":[{"taxonomy":"category","embeddable":true,"href":"https:\/\/cnsb.pt\/index.php?rest_route=%2Fwp%2Fv2%2Fcategories&post=1222"},{"taxonomy":"post_tag","embeddable":true,"href":"https:\/\/cnsb.pt\/index.php?rest_route=%2Fwp%2Fv2%2Ftags&post=1222"}],"curies":[{"name":"wp","href":"https:\/\/api.w.org\/{rel}","templated":true}]}}